{"id":79591,"date":"2026-04-27T23:04:02","date_gmt":"2026-04-28T03:04:02","guid":{"rendered":"https:\/\/eldiarioantillano.com\/uno\/?p=79591"},"modified":"2026-04-27T23:04:02","modified_gmt":"2026-04-28T03:04:02","slug":"indomet-aguaceros-fuertes-tormentas-electricas-y-rafagas-de-viento","status":"publish","type":"post","link":"https:\/\/eldiarioantillano.com\/uno\/2026\/04\/27\/indomet-aguaceros-fuertes-tormentas-electricas-y-rafagas-de-viento\/","title":{"rendered":"INDOMET: Aguaceros fuertes, tormentas el\u00e9ctricas y r\u00e1fagas de viento"},"content":{"rendered":"<p>El Instituto Dominicano de Meteorolog\u00eda informa el predominio de lluvias fuertes con presencia de descargas el\u00e9ctricas y r\u00e1fagas de viento para este lunes hasta el mi\u00e9rcoles. para gran parte del territorio nacional. A continuaci\u00f3n el informe integro, v\u00e1lido desde el\u00a0lunes 27 de abril de 2026 a las 6:00 p.m. hasta el mi\u00e9rcoles \u00a029 de abril de 2026 a las 6:00 p.m.<\/p>\n<p>&nbsp;<\/p>\n<p style=\"padding-left: 40px;\">Continua la incidencia de una vaguada en varios niveles de la troposfera, en combinaci\u00f3n con el viento del sureste, ambos favorecen los desarrollos nubosos generadores de aguaceros fuertes, tormentas el\u00e9ctricas, aisladas r\u00e1fagas de viento y posibles granizadas sobre localidades \u00a0de las provincias: Dajab\u00f3n, Santiago Rodr\u00edguez, Espaillat, Santiago, Valverde, Mar\u00eda Trinidad S\u00e1nchez, Duarte, La Vega, Monse\u00f1or Nouel, Saman\u00e1, Monte Plata, Hato Mayor, El Seibo, S\u00e1nchez Ram\u00edrez, Hermanas Mirabal, San Juan, San Jos\u00e9 de Ocoa y El\u00edas Pi\u00f1a.\u00a0 Estas precipitaciones estar\u00e1n presentes hasta las primeras horas de la noche.<\/p>\n<p style=\"padding-left: 40px;\"><strong>Para ma\u00f1ana martes,<\/strong>\u00a0se estar\u00e1 acercando una vaguada en superficie, asociada a un sistema frontal que se ubicar\u00e1 al noreste de la isla sobre el oc\u00e9ano Atl\u00e1ntico. Adem\u00e1s, otra vaguada en los niveles medios y altos de la troposfera, junto con el viento del noreste, estar\u00e1n generando nublados desde horas matutinas, con aguaceros fuertes, tronadas y r\u00e1fagas de viento hacia varias provincias de las regiones norte, noreste y sureste, as\u00ed como en la llanura oriental y los sistemas monta\u00f1osos.<\/p>\n<p style=\"padding-left: 40px;\"><strong>\u00a0<\/strong><strong>El Centro Nacional de Pron\u00f3sticos del INDOMET, modifica los niveles de ALERTA y AVISO meteorol\u00f3gicos, ante el riesgo de inundaciones urbanas, crecidas de r\u00edos, arroyos y ca\u00f1adas, as\u00ed como, posibles deslizamientos de tierra. Ver tabla:<\/strong><\/p>\n<table style=\"margin-left: 40px;\" width=\"0\">\n<tbody style=\"padding-left: 40px;\">\n<tr style=\"padding-left: 40px;\">\n<td style=\"padding-left: 40px;\" colspan=\"5\" width=\"748\"><strong>NIVELES DE ALERTA Y AVISOS METEOROL\u00d3GICOS<\/strong><\/td>\n<\/tr>\n<tr style=\"padding-left: 40px;\">\n<td style=\"padding-left: 40px;\" colspan=\"2\" width=\"302\"><strong>ALERTA<\/strong><\/td>\n<td style=\"padding-left: 40px;\" colspan=\"2\" width=\"302\"><strong>AVISO<\/strong><\/td>\n<td style=\"padding-left: 40px;\" width=\"143\"><strong>DESCONTINUADAS<\/strong><\/td>\n<\/tr>\n<tr style=\"padding-left: 40px;\">\n<td style=\"padding-left: 40px;\" width=\"170\"><strong>Espaillat<\/strong><\/td>\n<td style=\"padding-left: 40px;\" width=\"132\"><strong>Santiago Rodr\u00edguez<\/strong><\/td>\n<td style=\"padding-left: 40px;\" width=\"151\"><strong>Santiago<\/strong><\/td>\n<td style=\"padding-left: 40px;\" width=\"151\"><\/td>\n<td style=\"padding-left: 40px;\" width=\"143\"><strong>\u00a0<\/strong><\/td>\n<\/tr>\n<tr style=\"padding-left: 40px;\">\n<td style=\"padding-left: 40px;\" width=\"170\"><strong>Hermanas Mirabal<\/strong><\/td>\n<td style=\"padding-left: 40px;\" width=\"132\"><strong>\u00a0<\/strong><\/td>\n<td style=\"padding-left: 40px;\" width=\"151\"><strong>Mar\u00eda Trinidad S\u00e1nchez<\/strong><\/td>\n<td style=\"padding-left: 40px;\" width=\"151\"><strong>\u00a0<\/strong><\/td>\n<td style=\"padding-left: 40px;\" width=\"143\"><strong>\u00a0<\/strong><\/td>\n<\/tr>\n<tr style=\"padding-left: 40px;\">\n<td style=\"padding-left: 40px;\" width=\"170\"><strong>La Vega<\/strong><\/td>\n<td style=\"padding-left: 40px;\" width=\"132\"><strong>\u00a0<\/strong><\/td>\n<td style=\"padding-left: 40px;\" width=\"151\"><strong>Duarte<\/strong><\/td>\n<td style=\"padding-left: 40px;\" width=\"151\"><strong>\u00a0<\/strong><\/td>\n<td style=\"padding-left: 40px;\" width=\"143\"><strong>\u00a0<\/strong><\/td>\n<\/tr>\n<tr style=\"padding-left: 40px;\">\n<td style=\"padding-left: 40px;\" width=\"170\"><strong>Monse\u00f1or Nouel<\/strong><\/td>\n<td style=\"padding-left: 40px;\" width=\"132\"><strong>\u00a0<\/strong><\/td>\n<td style=\"padding-left: 40px;\" width=\"151\"><strong>S\u00e1nchez Ram\u00edrez<\/strong><\/td>\n<td style=\"padding-left: 40px;\" width=\"151\"><strong>\u00a0<\/strong><\/td>\n<td style=\"padding-left: 40px;\" width=\"143\"><strong>\u00a0<\/strong><\/td>\n<\/tr>\n<tr style=\"padding-left: 40px;\">\n<td style=\"padding-left: 40px;\" colspan=\"2\" width=\"302\"><strong>Total: 5<\/strong><\/td>\n<td style=\"padding-left: 40px;\" colspan=\"2\" width=\"302\"><strong>Total: 4<\/strong><\/td>\n<td style=\"padding-left: 40px;\" width=\"143\"><strong>Total: 0<\/strong><\/td>\n<\/tr>\n<\/tbody>\n<\/table>\n<p style=\"padding-left: 40px;\"><strong>\u00a0<\/strong><\/p>\n<p style=\"padding-left: 40px;\"><strong>Distrito Nacional: nubes dispersas a medio nublado con chubascos aislados.<\/strong><\/p>\n<p style=\"padding-left: 40px;\"><strong>Santo Domingo Norte: nubes dispersas a medio nublado con chubascos.<\/strong><\/p>\n<p style=\"padding-left: 40px;\"><strong>Santo Domingo Este: medio nublado en ocasiones con chubascos.<\/strong><\/p>\n<p style=\"padding-left: 40px;\"><strong>Santo Domingo Oeste: nubes dispersas a medio nublado con chubascos.<\/strong><\/p>\n<p style=\"padding-left: 40px;\"><strong>Temperaturas<\/strong>\u00a0<strong>m\u00ednimas entre 22 \u00b0C y 23 \u00b0C, y m\u00e1ximas entre 29 \u00b0C y 31 \u00b0C.<\/strong><strong>\u00a0<\/strong><\/p>\n<p style=\"padding-left: 40px;\"><strong>Para el mi\u00e9rcoles,\u00a0<\/strong>\u00a0el contenido de humedad y la inestabilidad aumentar\u00e1 sobre nuestra \u00e1rea de pron\u00f3stico, por el un sistema frontal que se ubicara al noreste en Atl\u00e1ntico, en adici\u00f3n a los efectos locales y la vaguada en diferentes niveles,\u00a0 favoreciendo los desarrollo nubosos. Esto dar\u00e1 lugar a aguaceros fuertes en horas de la tarde, acompa\u00f1ados de tormentas el\u00e9ctricas, r\u00e1fagas de viento muy fuertes en ocasiones y aisladas granizadas, principalmente el d\u00eda jueves, sobre gran parte del territorio nacional.<\/p>\n<p style=\"padding-left: 40px;\"><em>\u00a0<\/em><strong>Distrito Nacional:\u00a0<\/strong>incrementos nubosos \u00a0con aguaceros y tronada en la tarde.<\/p>\n<p style=\"padding-left: 40px;\"><strong>Santo Domingo:<\/strong>\u00a0nublados en la tarde con aguaceros moderados a fuertes y tronadas.<strong>\u00a0<\/strong><\/p>\n<p style=\"padding-left: 40px;\"><strong>Resumen:\u00a0Aguaceros fuertes con tormentas el\u00e9ctricas y r\u00e1fagas de viento sobre varias provincias. \u00a0ALERTA y AVISO meteorol\u00f3gicos vigentes ante posibles inundaciones.<\/strong><\/p>\n<table style=\"margin-left: 40px;\" width=\"0\">\n<tbody style=\"padding-left: 40px;\">\n<tr style=\"padding-left: 40px;\">\n<td style=\"padding-left: 40px;\" colspan=\"2\" width=\"604\">PRON\u00d3STICO POR PROVINCIAS PARA HOY<\/td>\n<td style=\"padding-left: 40px;\" width=\"66\">T. m\u00e1x. \u00b0C<\/td>\n<td style=\"padding-left: 40px;\" width=\"66\">T. m\u00edn. \u00b0C<\/td>\n<\/tr>\n<tr style=\"padding-left: 40px;\">\n<td style=\"padding-left: 40px;\" width=\"126\">Santiago<\/td>\n<td style=\"padding-left: 40px;\" width=\"478\"><strong>Nublados con aguaceros, tronadas y r\u00e1fagas de viento hasta primeras horas de la noche.<\/strong><\/td>\n<td style=\"padding-left: 40px;\" width=\"66\">28\/30<\/td>\n<td style=\"padding-left: 40px;\" width=\"66\">20\/22<\/td>\n<\/tr>\n<tr style=\"padding-left: 40px;\">\n<td style=\"padding-left: 40px;\" width=\"126\">Puerto Plata<\/td>\n<td style=\"padding-left: 40px;\" width=\"478\"><strong>Medio nublado a nublado en ocasiones.<\/strong><\/td>\n<td style=\"padding-left: 40px;\" width=\"66\">27\/29<\/td>\n<td style=\"padding-left: 40px;\" width=\"66\">19\/21<\/td>\n<\/tr>\n<tr style=\"padding-left: 40px;\">\n<td style=\"padding-left: 40px;\" width=\"126\">Duarte<\/td>\n<td style=\"padding-left: 40px;\" width=\"478\"><strong>Nublados aguaceros<\/strong>\u00a0<strong>fuertes con tronadas \u00a0y r\u00e1fagas de viento hasta primeras horas de la noche.<\/strong><\/td>\n<td style=\"padding-left: 40px;\" width=\"66\">27\/29<\/td>\n<td style=\"padding-left: 40px;\" width=\"66\">20\/22<\/td>\n<\/tr>\n<tr style=\"padding-left: 40px;\">\n<td style=\"padding-left: 40px;\" width=\"126\">Constanza<\/td>\n<td style=\"padding-left: 40px;\" width=\"478\"><strong>Nublados\u00a0<\/strong><strong>con aguaceros, tronadas y r\u00e1fagas de viento hasta primeras horas de la noche.<\/strong><\/td>\n<td style=\"padding-left: 40px;\" width=\"66\">24\/26<\/td>\n<td style=\"padding-left: 40px;\" width=\"66\">13\/15<\/td>\n<\/tr>\n<tr style=\"padding-left: 40px;\">\n<td style=\"padding-left: 40px;\" width=\"126\">Peravia<\/td>\n<td style=\"padding-left: 40px;\" width=\"478\"><strong>Nubes dispersas a medio nublado.<\/strong><\/td>\n<td style=\"padding-left: 40px;\" width=\"66\">28\/30<\/td>\n<td style=\"padding-left: 40px;\" width=\"66\">21\/23<\/td>\n<\/tr>\n<tr style=\"padding-left: 40px;\">\n<td style=\"padding-left: 40px;\" width=\"126\">San Pedro de Macor\u00eds<\/td>\n<td style=\"padding-left: 40px;\" width=\"478\"><strong>Nubes dispersas a medio nublado.<\/strong><\/td>\n<td style=\"padding-left: 40px;\" width=\"66\">28\/30<\/td>\n<td style=\"padding-left: 40px;\" width=\"66\">19\/21<\/td>\n<\/tr>\n<tr style=\"padding-left: 40px;\">\n<td style=\"padding-left: 40px;\" width=\"126\">La Romana<\/td>\n<td style=\"padding-left: 40px;\" width=\"478\"><strong>Nubes dispersas a medio nublado<\/strong><\/td>\n<td style=\"padding-left: 40px;\" width=\"66\">29\/31<\/td>\n<td style=\"padding-left: 40px;\" width=\"66\">21\/23<\/td>\n<\/tr>\n<tr style=\"padding-left: 40px;\">\n<td style=\"padding-left: 40px;\" width=\"126\">La Vega<\/td>\n<td style=\"padding-left: 40px;\" width=\"478\"><strong>Nublados\u00a0<\/strong><strong>con aguaceros, tronadas y r\u00e1fagas de viento hasta primeras horas de la noche.<\/strong><\/td>\n<td style=\"padding-left: 40px;\" width=\"66\">28\/30<\/td>\n<td style=\"padding-left: 40px;\" width=\"66\">17\/19<\/td>\n<\/tr>\n<tr style=\"padding-left: 40px;\">\n<td style=\"padding-left: 40px;\" width=\"126\">Monse\u00f1or Nouel<\/td>\n<td style=\"padding-left: 40px;\" width=\"478\"><strong>Nublados\u00a0<\/strong><strong>con aguaceros fuertes, tronadas y r\u00e1fagas de viento hasta primeras horas de la noche.<\/strong><\/td>\n<td style=\"padding-left: 40px;\" width=\"66\">28\/30<\/td>\n<td style=\"padding-left: 40px;\" width=\"66\">19\/21<\/td>\n<\/tr>\n<tr style=\"padding-left: 40px;\">\n<td style=\"padding-left: 40px;\" width=\"126\">San Crist\u00f3bal<\/td>\n<td style=\"padding-left: 40px;\" width=\"478\"><strong>Nubes dispersas a medio nublado.<\/strong><\/td>\n<td style=\"padding-left: 40px;\" width=\"66\">27\/29<\/td>\n<td style=\"padding-left: 40px;\" width=\"66\">19\/21<\/td>\n<\/tr>\n<tr style=\"padding-left: 40px;\">\n<td style=\"padding-left: 40px;\" width=\"126\">Saman\u00e1<\/td>\n<td style=\"padding-left: 40px;\" width=\"478\"><strong>Nublados con aguaceros y tronadas.<\/strong><\/td>\n<td style=\"padding-left: 40px;\" width=\"66\">30\/32<\/td>\n<td style=\"padding-left: 40px;\" width=\"66\">20\/22<\/td>\n<\/tr>\n<tr style=\"padding-left: 40px;\">\n<td style=\"padding-left: 40px;\" width=\"126\">Monte Cristi<\/td>\n<td style=\"padding-left: 40px;\" width=\"478\"><strong>Incrementos nubosos con aguaceros dispersos, tronadas y r\u00e1fagas de viento.<\/strong><\/td>\n<td style=\"padding-left: 40px;\" width=\"66\">28\/30<\/td>\n<td style=\"padding-left: 40px;\" width=\"66\">20\/22<\/td>\n<\/tr>\n<tr style=\"padding-left: 40px;\">\n<td style=\"padding-left: 40px;\" width=\"126\">Azua<\/td>\n<td style=\"padding-left: 40px;\" width=\"478\"><strong>Nubes dispersas a medio nublado.<\/strong><\/td>\n<td style=\"padding-left: 40px;\" width=\"66\">29\/31<\/td>\n<td style=\"padding-left: 40px;\" width=\"66\">18\/20<\/td>\n<\/tr>\n<tr style=\"padding-left: 40px;\">\n<td style=\"padding-left: 40px;\" width=\"126\">San Juan<\/td>\n<td style=\"padding-left: 40px;\" width=\"478\"><strong>Medio nublado en ocasiones con aguaceros dispersos y posibles tronadas.<\/strong><\/td>\n<td style=\"padding-left: 40px;\" width=\"66\">27\/29<\/td>\n<td style=\"padding-left: 40px;\" width=\"66\">17\/19<\/td>\n<\/tr>\n<tr style=\"padding-left: 40px;\">\n<td style=\"padding-left: 40px;\" width=\"126\">Barahona<\/td>\n<td style=\"padding-left: 40px;\" width=\"478\"><strong>Nubes dispersas a medio nublado.<\/strong><\/td>\n<td style=\"padding-left: 40px;\" width=\"66\">28\/30<\/td>\n<td style=\"padding-left: 40px;\" width=\"66\">21\/23<\/td>\n<\/tr>\n<tr style=\"padding-left: 40px;\">\n<td style=\"padding-left: 40px;\" width=\"126\">La Altagracia<\/td>\n<td style=\"padding-left: 40px;\" width=\"478\"><strong>Nubes dispersas a medio nublado\u00a0 con chubascos aislados.<\/strong><\/td>\n<td style=\"padding-left: 40px;\" width=\"66\">29\/31<\/td>\n<td style=\"padding-left: 40px;\" width=\"66\">21\/23<\/td>\n<\/tr>\n<\/tbody>\n<\/table>\n<p style=\"padding-left: 40px;\"><strong>\u00a0<\/strong><\/p>\n<p style=\"padding-left: 40px;\"><strong>Meteor\u00f3logos: Henry Agramonte \/ David Chac\u00f3n.-<\/strong><\/p>\n","protected":false},"excerpt":{"rendered":"<p>El Instituto Dominicano de Meteorolog\u00eda informa el predominio de lluvias fuertes con presencia de descargas&hellip;<\/p>\n","protected":false},"author":2,"featured_media":64250,"comment_status":"closed","ping_status":"closed","sticky":false,"template":"","format":"standard","meta":{"footnotes":""},"categories":[55],"tags":[],"class_list":["post-79591","post","type-post","status-publish","format-standard","has-post-thumbnail","hentry","category-nacionales"],"_links":{"self":[{"href":"https:\/\/eldiarioantillano.com\/uno\/wp-json\/wp\/v2\/posts\/79591","targetHints":{"allow":["GET"]}}],"collection":[{"href":"https:\/\/eldiarioantillano.com\/uno\/wp-json\/wp\/v2\/posts"}],"about":[{"href":"https:\/\/eldiarioantillano.com\/uno\/wp-json\/wp\/v2\/types\/post"}],"author":[{"embeddable":true,"href":"https:\/\/eldiarioantillano.com\/uno\/wp-json\/wp\/v2\/users\/2"}],"replies":[{"embeddable":true,"href":"https:\/\/eldiarioantillano.com\/uno\/wp-json\/wp\/v2\/comments?post=79591"}],"version-history":[{"count":1,"href":"https:\/\/eldiarioantillano.com\/uno\/wp-json\/wp\/v2\/posts\/79591\/revisions"}],"predecessor-version":[{"id":79592,"href":"https:\/\/eldiarioantillano.com\/uno\/wp-json\/wp\/v2\/posts\/79591\/revisions\/79592"}],"wp:featuredmedia":[{"embeddable":true,"href":"https:\/\/eldiarioantillano.com\/uno\/wp-json\/wp\/v2\/media\/64250"}],"wp:attachment":[{"href":"https:\/\/eldiarioantillano.com\/uno\/wp-json\/wp\/v2\/media?parent=79591"}],"wp:term":[{"taxonomy":"category","embeddable":true,"href":"https:\/\/eldiarioantillano.com\/uno\/wp-json\/wp\/v2\/categories?post=79591"},{"taxonomy":"post_tag","embeddable":true,"href":"https:\/\/eldiarioantillano.com\/uno\/wp-json\/wp\/v2\/tags?post=79591"}],"curies":[{"name":"wp","href":"https:\/\/api.w.org\/{rel}","templated":true}]}}