{"id":79589,"date":"2026-04-28T00:00:50","date_gmt":"2026-04-28T04:00:50","guid":{"rendered":"https:\/\/eldiarioantillano.com\/uno\/?p=79589"},"modified":"2026-04-27T22:57:09","modified_gmt":"2026-04-28T02:57:09","slug":"paro-de-24-horas-paraliza-san-juan-en-rechazo-a-explotacion-minera-del-proyecto-romero","status":"publish","type":"post","link":"https:\/\/eldiarioantillano.com\/uno\/2026\/04\/28\/paro-de-24-horas-paraliza-san-juan-en-rechazo-a-explotacion-minera-del-proyecto-romero\/","title":{"rendered":"Paro de 24 horas paraliza San Juan en rechazo a explotaci\u00f3n minera del Proyecto Romero"},"content":{"rendered":"<p>ART\u00cdCULO INVITADO<\/p>\n<p data-start=\"92\" data-end=\"109\">Por <strong>Armando Pascual<\/strong><\/p>\n<p data-start=\"111\" data-end=\"378\">SAN JUAN DE LA MAGUANA<strong data-start=\"111\" data-end=\"139\">.-<\/strong>\u00a0La provincia de San Juan amaneci\u00f3 este lunes con un paro general de labores por 24 horas, en rechazo a la explotaci\u00f3n minera del Proyecto Romero, jornada que paraliz\u00f3 gran parte de las actividades comerciales, educativas y del transporte.<\/p>\n<p data-start=\"380\" data-end=\"685\">Desde tempranas horas se observaron comercios cerrados, escasa circulaci\u00f3n vehicular y suspensi\u00f3n del transporte p\u00fablico, en una protesta convocada por organizaciones comunitarias que exigen detener cualquier intento de explotaci\u00f3n minera en la Cordillera Central, debido a los posibles da\u00f1os ambientales.<\/p>\n<p data-start=\"687\" data-end=\"834\">Los manifestantes advierten que la actividad minera pondr\u00eda en riesgo los recursos h\u00eddricos de la provincia, base esencial de su econom\u00eda agr\u00edcola.<\/p>\n<p data-start=\"836\" data-end=\"878\"><strong data-start=\"836\" data-end=\"878\">Defensa del agua y producci\u00f3n agr\u00edcola<\/strong><\/p>\n<p data-start=\"880\" data-end=\"1139\">San Juan es considerada una de las principales zonas agr\u00edcolas del pa\u00eds, cuya producci\u00f3n depende directamente del acceso al agua. En ese sentido, comunitarios sostienen que la miner\u00eda afectar\u00eda los afluentes que garantizan el riego y la seguridad alimentaria.<\/p>\n<p data-start=\"1141\" data-end=\"1337\">El profesor\u00a0<span class=\"hover:entity-accent entity-underline inline cursor-pointer align-baseline\"><span class=\"whitespace-normal\">Rub\u00e9n Moreta<\/span><\/span>\u00a0explic\u00f3 que el proyecto minero estar\u00eda ubicado pr\u00f3ximo al nacimiento del r\u00edo San Juan, principal fuente de agua potable para diversas comunidades.<\/p>\n<p data-start=\"1339\" data-end=\"1680\">\u201cEl da\u00f1o no solo ser\u00eda a la provincia de San Juan, sino tambi\u00e9n a otras cuatro provincias\u201d, advirti\u00f3, al se\u00f1alar que este r\u00edo es afluente del Yaque del Sur, impactando territorios como\u00a0<span class=\"hover:entity-accent entity-underline inline cursor-pointer align-baseline\"><span class=\"whitespace-normal\">Barahona<\/span><\/span>,\u00a0<span class=\"hover:entity-accent entity-underline inline cursor-pointer align-baseline\"><span class=\"whitespace-normal\">Bahoruco<\/span><\/span>,\u00a0<span class=\"hover:entity-accent entity-underline inline cursor-pointer align-baseline\"><span class=\"whitespace-normal\">Azua<\/span><\/span>\u00a0e\u00a0<span class=\"hover:entity-accent entity-underline inline cursor-pointer align-baseline\"><span class=\"whitespace-normal\">Independencia<\/span><\/span>.<\/p>\n<p data-start=\"1682\" data-end=\"1724\"><strong data-start=\"1682\" data-end=\"1724\">Apoyo acad\u00e9mico y protestas en la UASD<\/strong><\/p>\n<p data-start=\"1726\" data-end=\"2042\">A la jornada se sumaron profesores y empleados del recinto de la\u00a0<span class=\"hover:entity-accent entity-underline inline cursor-pointer align-baseline\"><span class=\"whitespace-normal\">Universidad Aut\u00f3noma de Santo Domingo<\/span><\/span>\u00a0en San Juan, quienes realizaron una vigilia en rechazo a los estudios de exploraci\u00f3n minera y a cualquier intento de explotaci\u00f3n en el Proyecto Romero por parte de la empresa\u00a0<span class=\"hover:entity-accent entity-underline inline cursor-pointer align-baseline\"><span class=\"whitespace-normal\">GoldQuest<\/span><\/span>.<\/p>\n<p data-start=\"2044\" data-end=\"2089\"><strong data-start=\"2044\" data-end=\"2089\">Bloqueos y tensi\u00f3n en algunas comunidades<\/strong><\/p>\n<p data-start=\"2091\" data-end=\"2330\">Aunque el paro fue convocado de forma pac\u00edfica hasta las 6:00 de la ma\u00f1ana de este martes, en localidades como La Zanja, Sabaneta, Carpintero y Las Maguanas se reportaron bloqueos de v\u00edas, con quema de neum\u00e1ticos y colocaci\u00f3n de escombros.<\/p>\n<p data-start=\"2332\" data-end=\"2528\">El transporte hacia\u00a0<span class=\"hover:entity-accent entity-underline inline cursor-pointer align-baseline\"><span class=\"whitespace-normal\">Santo Domingo<\/span><\/span>\u00a0tambi\u00e9n se vio afectado durante las primeras horas del d\u00eda, lo que motiv\u00f3 la intervenci\u00f3n de las autoridades para restablecer el tr\u00e1nsito.<\/p>\n<p data-start=\"2530\" data-end=\"2565\"><strong data-start=\"2530\" data-end=\"2565\">Consigna: \u201cEl agua no se vende\u201d<\/strong><\/p>\n<p data-start=\"2567\" data-end=\"2766\">Durante una rueda de prensa, representantes del movimiento comunitario reiteraron su rechazo a la miner\u00eda en la zona, asegurando que cuentan con el respaldo de m\u00e1s del 90% de la poblaci\u00f3n sanjuanera.<\/p>\n<p data-start=\"2768\" data-end=\"3009\">\u201cNo queremos mina, nuestros r\u00edos no se venden, nuestra agua no se vende\u201d, expres\u00f3 un vocero del Movimiento Suroeste Unido por el Agua y la Vida, integrado por organizaciones comunitarias, agropecuarias, religiosas, empresariales y gremiales.<\/p>\n<p data-start=\"3559\" data-end=\"3819\" data-is-last-node=\"\" data-is-only-node=\"\">El movimiento reiter\u00f3 su llamado al Gobierno para que retire de manera definitiva a la empresa minera de la Cordillera Central, considerada por los manifestantes como \u201cla madre de todas las aguas\u201d que irrigan el valle de San Juan y la regi\u00f3n suroeste del pa\u00eds.<\/p>\n<hr \/>\n<div class=\"fb-comments\" data-href=\"https:\/\/barrigaverde.net\/60536-2\/\" data-numposts=\"5\" data-width=\"100%\" data-colorscheme=\"light\">Reproducido de barrigaverde.net<\/div>\n<div class=\"post-bottom-meta post-bottom-tags post-tags-modern\"><\/div>\n","protected":false},"excerpt":{"rendered":"<p>ART\u00cdCULO INVITADO Por Armando Pascual SAN JUAN DE LA MAGUANA.-\u00a0La provincia de San Juan amaneci\u00f3&hellip;<\/p>\n","protected":false},"author":2,"featured_media":79581,"comment_status":"closed","ping_status":"closed","sticky":false,"template":"","format":"standard","meta":{"footnotes":""},"categories":[66,55],"tags":[],"class_list":["post-79589","post","type-post","status-publish","format-standard","has-post-thumbnail","hentry","category-articulo-invitado","category-nacionales"],"_links":{"self":[{"href":"https:\/\/eldiarioantillano.com\/uno\/wp-json\/wp\/v2\/posts\/79589","targetHints":{"allow":["GET"]}}],"collection":[{"href":"https:\/\/eldiarioantillano.com\/uno\/wp-json\/wp\/v2\/posts"}],"about":[{"href":"https:\/\/eldiarioantillano.com\/uno\/wp-json\/wp\/v2\/types\/post"}],"author":[{"embeddable":true,"href":"https:\/\/eldiarioantillano.com\/uno\/wp-json\/wp\/v2\/users\/2"}],"replies":[{"embeddable":true,"href":"https:\/\/eldiarioantillano.com\/uno\/wp-json\/wp\/v2\/comments?post=79589"}],"version-history":[{"count":1,"href":"https:\/\/eldiarioantillano.com\/uno\/wp-json\/wp\/v2\/posts\/79589\/revisions"}],"predecessor-version":[{"id":79590,"href":"https:\/\/eldiarioantillano.com\/uno\/wp-json\/wp\/v2\/posts\/79589\/revisions\/79590"}],"wp:featuredmedia":[{"embeddable":true,"href":"https:\/\/eldiarioantillano.com\/uno\/wp-json\/wp\/v2\/media\/79581"}],"wp:attachment":[{"href":"https:\/\/eldiarioantillano.com\/uno\/wp-json\/wp\/v2\/media?parent=79589"}],"wp:term":[{"taxonomy":"category","embeddable":true,"href":"https:\/\/eldiarioantillano.com\/uno\/wp-json\/wp\/v2\/categories?post=79589"},{"taxonomy":"post_tag","embeddable":true,"href":"https:\/\/eldiarioantillano.com\/uno\/wp-json\/wp\/v2\/tags?post=79589"}],"curies":[{"name":"wp","href":"https:\/\/api.w.org\/{rel}","templated":true}]}}