{"id":79587,"date":"2026-04-28T00:00:41","date_gmt":"2026-04-28T04:00:41","guid":{"rendered":"https:\/\/eldiarioantillano.com\/uno\/?p=79587"},"modified":"2026-04-27T22:53:46","modified_gmt":"2026-04-28T02:53:46","slug":"ante-tanto-ruido-como-comunicar","status":"publish","type":"post","link":"https:\/\/eldiarioantillano.com\/uno\/2026\/04\/28\/ante-tanto-ruido-como-comunicar\/","title":{"rendered":"Ante tanto ruido, \u00bfc\u00f3mo comunicar?"},"content":{"rendered":"<div style=\"text-align: left;\" align=\"center\">Por N\u00c9STOR EST\u00c9VEZ<\/div>\n<p>Vivimos en una \u00e9poca en la que cualquiera puede hablar, publicar, grabar un video o dar su opini\u00f3n en segundos. Nunca hab\u00eda sido tan f\u00e1cil \u201ccomunicar\u201d. Sin embargo, esa facilidad no significa que comunicar sea hoy m\u00e1s sencillo. Al contrario: en medio de tantas voces, destacar ya no depende solo de hablar bien o de tener acceso a la mejor tecnolog\u00eda. Y entonces, \u00bfc\u00f3mo comunicar en esta etapa tan compleja?<\/p>\n<p>Durante mucho tiempo se crey\u00f3 que comunicar bien era, sobre todo, dominar la t\u00e9cnica. Hablar con buena dicci\u00f3n, editar con calidad, usar un formato atractivo o llegar a muchas personas parec\u00eda suficiente para ganar atenci\u00f3n. Pero esa idea ya no alcanza. En el mundo digital actual circulan miles de mensajes cada minuto. Las redes est\u00e1n llenas de \u201ccontenido\u201d, las audiencias est\u00e1n divididas y las personas reciben tantos mensajes que muchas veces ya no saben en qu\u00e9 ni en qui\u00e9n creer.<\/p>\n<p>Por eso se habla de un entorno inestable, marcado por la rapidez, la incertidumbre y la confusi\u00f3n. Todo cambia demasiado r\u00e1pido: hoy una tendencia domina las pantallas y ma\u00f1ana desaparece. Lo que funciona una semana puede fracasar a la siguiente. En ese escenario, la atenci\u00f3n se ha convertido en un bien escaso. Todos queremos ser escuchados, pero pocos logran dejar una huella real.<\/p>\n<p><b>La acci\u00f3n de comunicar<\/b><\/p>\n<p>Esta situaci\u00f3n afecta especialmente al periodismo, a la locuci\u00f3n, a la comunicaci\u00f3n p\u00fablica e incluso a quienes \u201ccrean contenido\u201d desde sus tel\u00e9fonos. Antes, muchas veces el prestigio ven\u00eda dado por la instituci\u00f3n: un canal de televisi\u00f3n, una emisora o un peri\u00f3dico otorgaban autoridad casi autom\u00e1ticamente. Hoy eso ha cambiado. Ahora la credibilidad debe construirse cada d\u00eda. Ya no basta con pertenecer a un medio o tener muchos seguidores. Aunque no lo parezca, muchas personas dedican tiempo para observar si hay coherencia, claridad y utilidad en lo que les llega.<\/p>\n<p>Aqu\u00ed aparece una idea clave: la t\u00e9cnica responde al \u201cc\u00f3mo\u201d, pero no al \u201cpara qu\u00e9\u201d. Podemos tener mejores c\u00e1maras, inteligencia artificial, programas de edici\u00f3n y plataformas m\u00e1s veloces, pero ninguna herramienta sustituye el criterio, la responsabilidad ni el sentido de lo que se dice. La tecnolog\u00eda amplifica los mensajes, s\u00ed, pero no les da profundidad por s\u00ed sola.<\/p>\n<p>Esto importa porque la comunicaci\u00f3n no consiste \u00fanicamente en transmitir datos. Tambi\u00e9n ayuda a construir la manera en que una sociedad piensa, siente y act\u00faa. Los seres humanos nos organizamos a partir de relatos, s\u00edmbolos e ideas compartidas. Por eso, quien comunica no solo informa: tambi\u00e9n influye en la forma en que los dem\u00e1s entienden la realidad. As\u00ed es como una palabra puede orientar, confundir, unir o dividir.<\/p>\n<p>En la sociedad actual, la autoridad ya no depende \u00fanicamente del soporte. No basta con salir en una pantalla para ser cre\u00edble. La visibilidad puede lograrse con pol\u00e9mica, con dinero o con estrategias digitales. Pero la confianza no se compra tan f\u00e1cilmente. La confianza nace cuando una voz demuestra consistencia entre lo que dice, lo que hace y lo que representa.<\/p>\n<p><b>La gesti\u00f3n de contenidos<\/b><\/p>\n<p>Estamos ante una gran lecci\u00f3n para quien se dedica a \u201ccrear contenido\u201d. No se trata solo de aprender a usar herramientas, editar videos o dominar plataformas. Todo eso es importante, pero insuficiente. Tambi\u00e9n hay que aprender a pensar, a argumentar, a distinguir entre impacto y valor, entre ruido y significado. Una voz sobresale de verdad cuando aporta contexto, cuando ayuda a comprender mejor un problema y cuando se conecta con causas que importan a la comunidad.<\/p>\n<p>En tiempos de saturaci\u00f3n, comunicar bien exige algo m\u00e1s que presencia. Exige prop\u00f3sito. Exige entender que la reputaci\u00f3n no se sostiene solo con exposici\u00f3n, sino con coherencia. En un mundo lleno de mensajes veloces, la diferencia no la marcar\u00e1 quien hable m\u00e1s duro ni quien publique m\u00e1s, sino quien tenga la capacidad de ofrecer sentido.<\/p>\n<p>Por eso, hoy m\u00e1s que nunca, una voz con prop\u00f3sito vale m\u00e1s que una voz perfecta pero vac\u00eda. La t\u00e9cnica sigue siendo necesaria, pero solo alcanza su mayor fuerza cuando se pone al servicio de una idea clara y de una contribuci\u00f3n \u00fatil para los dem\u00e1s. Porque en una \u00e9poca en la que todos podemos hablar, lo verdaderamente importante sigue siendo tener algo valioso para decir.<\/p>\n<p>&nbsp;<\/p>\n","protected":false},"excerpt":{"rendered":"<p>Por N\u00c9STOR EST\u00c9VEZ Vivimos en una \u00e9poca en la que cualquiera puede hablar, publicar, grabar&hellip;<\/p>\n","protected":false},"author":2,"featured_media":66757,"comment_status":"closed","ping_status":"closed","sticky":false,"template":"","format":"standard","meta":{"footnotes":""},"categories":[143,51],"tags":[],"class_list":["post-79587","post","type-post","status-publish","format-standard","has-post-thumbnail","hentry","category-nestor-estevez","category-opinion"],"_links":{"self":[{"href":"https:\/\/eldiarioantillano.com\/uno\/wp-json\/wp\/v2\/posts\/79587","targetHints":{"allow":["GET"]}}],"collection":[{"href":"https:\/\/eldiarioantillano.com\/uno\/wp-json\/wp\/v2\/posts"}],"about":[{"href":"https:\/\/eldiarioantillano.com\/uno\/wp-json\/wp\/v2\/types\/post"}],"author":[{"embeddable":true,"href":"https:\/\/eldiarioantillano.com\/uno\/wp-json\/wp\/v2\/users\/2"}],"replies":[{"embeddable":true,"href":"https:\/\/eldiarioantillano.com\/uno\/wp-json\/wp\/v2\/comments?post=79587"}],"version-history":[{"count":1,"href":"https:\/\/eldiarioantillano.com\/uno\/wp-json\/wp\/v2\/posts\/79587\/revisions"}],"predecessor-version":[{"id":79588,"href":"https:\/\/eldiarioantillano.com\/uno\/wp-json\/wp\/v2\/posts\/79587\/revisions\/79588"}],"wp:featuredmedia":[{"embeddable":true,"href":"https:\/\/eldiarioantillano.com\/uno\/wp-json\/wp\/v2\/media\/66757"}],"wp:attachment":[{"href":"https:\/\/eldiarioantillano.com\/uno\/wp-json\/wp\/v2\/media?parent=79587"}],"wp:term":[{"taxonomy":"category","embeddable":true,"href":"https:\/\/eldiarioantillano.com\/uno\/wp-json\/wp\/v2\/categories?post=79587"},{"taxonomy":"post_tag","embeddable":true,"href":"https:\/\/eldiarioantillano.com\/uno\/wp-json\/wp\/v2\/tags?post=79587"}],"curies":[{"name":"wp","href":"https:\/\/api.w.org\/{rel}","templated":true}]}}