{"id":79562,"date":"2026-04-27T00:00:00","date_gmt":"2026-04-27T04:00:00","guid":{"rendered":"https:\/\/eldiarioantillano.com\/uno\/?p=79562"},"modified":"2026-04-26T15:16:12","modified_gmt":"2026-04-26T19:16:12","slug":"advierten-proyecto-romero-de-goldquest-abriria-paso-a-expansion-minera-en-el-suroeste","status":"publish","type":"post","link":"https:\/\/eldiarioantillano.com\/uno\/2026\/04\/27\/advierten-proyecto-romero-de-goldquest-abriria-paso-a-expansion-minera-en-el-suroeste\/","title":{"rendered":"Advierten proyecto Romero de GoldQuest abrir\u00eda paso a expansi\u00f3n minera en el Suroeste"},"content":{"rendered":"<header class=\"entry-header-outer\">\n<div class=\"entry-header\">\n<p class=\"post-title entry-title\">ART\u00cdCULO INVIATADO<\/p>\n<\/div>\n<\/header>\n<div class=\"entry-content entry clearfix\">\n<p>Por Clara Mart\u00ednez Fern\u00e1ndez<\/p>\n<p><strong>SANTO DOMINGO.-<\/strong>\u00a0El dirigente de izquierda, Narciso Isa Conde, advirti\u00f3 que el proyecto minero impulsado por la empresa\u00a0<span class=\"hover:entity-accent entity-underline inline cursor-pointer align-baseline\"><span class=\"whitespace-normal\">GoldQuest Mining Corp.<\/span><\/span>\u00a0en la comunidad de Romero constituye la antesala de un proceso de expansi\u00f3n de la miner\u00eda met\u00e1lica en el Valle de San Juan y en gran parte del Suroeste del pa\u00eds.<\/p>\n<p data-start=\"412\" data-end=\"754\">De acuerdo con los se\u00f1alamientos de Isa Conde, la iniciativa no debe verse como un caso aislado, sino como parte de un conjunto de concesiones de exploraci\u00f3n que, por sus caracter\u00edsticas, podr\u00edan impactar de manera directa importantes fuentes h\u00eddricas, entre ellas los r\u00edos San Juan y Yaque del Sur, fundamentales para la producci\u00f3n agr\u00edcola y pecuaria de la regi\u00f3n.<\/p>\n<p data-start=\"756\" data-end=\"1039\">Sostiene el conocido dirigente de izquierda, que el proyecto forma parte de una estrategia m\u00e1s amplia que incluir\u00eda m\u00faltiples concesiones en la Cordillera Central, lo que, a su juicio, implicar\u00eda riesgos acumulativos para el equilibrio ambiental y la seguridad h\u00eddrica en provincias del Sur, desde Azua hasta Barahona.<\/p>\n<p data-start=\"1041\" data-end=\"1369\">Asimismo, cuestion\u00f3 los argumentos ofrecidos por autoridades gubernamentales en torno a la viabilidad ambiental del proyecto, se\u00f1alando supuestas inconsistencias en aspectos como el uso de agua, el impacto de las operaciones subterr\u00e1neas y la posibilidad de futuras expansiones hacia modalidades de explotaci\u00f3n a cielo abierto.<\/p>\n<p data-start=\"1371\" data-end=\"1703\">Narciso Isa Conde indic\u00f3, que la concesi\u00f3n de Romero estar\u00eda vinculada a otras \u00e1reas de exploraci\u00f3n en la zona, dentro de un conjunto m\u00e1s amplio de proyectos que abarcan distintas localidades del Valle de San Juan, lo que reforzar\u00eda la preocupaci\u00f3n sobre una eventual transformaci\u00f3n del perfil agropecuario de la regi\u00f3n hacia actividades extractivas.<\/p>\n<p data-start=\"1705\" data-end=\"1971\" data-is-last-node=\"\" data-is-only-node=\"\">En ese contexto, Isa Conde hizo un llamado a la ciudadan\u00eda y a los sectores productivos a mantenerse vigilantes y a defender los recursos naturales, especialmente las fuentes de agua, ante lo que consideran un escenario de alto impacto ambiental y social.<\/p>\n<hr \/>\n<p data-start=\"1705\" data-end=\"1971\" data-is-last-node=\"\" data-is-only-node=\"\">Reproducido de barrigaverde.net<\/p>\n<\/div>\n","protected":false},"excerpt":{"rendered":"<p>ART\u00cdCULO INVIATADO Por Clara Mart\u00ednez Fern\u00e1ndez SANTO DOMINGO.-\u00a0El dirigente de izquierda, Narciso Isa Conde, advirti\u00f3&hellip;<\/p>\n","protected":false},"author":2,"featured_media":79563,"comment_status":"closed","ping_status":"closed","sticky":false,"template":"","format":"standard","meta":{"footnotes":""},"categories":[66,55],"tags":[],"class_list":["post-79562","post","type-post","status-publish","format-standard","has-post-thumbnail","hentry","category-articulo-invitado","category-nacionales"],"_links":{"self":[{"href":"https:\/\/eldiarioantillano.com\/uno\/wp-json\/wp\/v2\/posts\/79562","targetHints":{"allow":["GET"]}}],"collection":[{"href":"https:\/\/eldiarioantillano.com\/uno\/wp-json\/wp\/v2\/posts"}],"about":[{"href":"https:\/\/eldiarioantillano.com\/uno\/wp-json\/wp\/v2\/types\/post"}],"author":[{"embeddable":true,"href":"https:\/\/eldiarioantillano.com\/uno\/wp-json\/wp\/v2\/users\/2"}],"replies":[{"embeddable":true,"href":"https:\/\/eldiarioantillano.com\/uno\/wp-json\/wp\/v2\/comments?post=79562"}],"version-history":[{"count":2,"href":"https:\/\/eldiarioantillano.com\/uno\/wp-json\/wp\/v2\/posts\/79562\/revisions"}],"predecessor-version":[{"id":79565,"href":"https:\/\/eldiarioantillano.com\/uno\/wp-json\/wp\/v2\/posts\/79562\/revisions\/79565"}],"wp:featuredmedia":[{"embeddable":true,"href":"https:\/\/eldiarioantillano.com\/uno\/wp-json\/wp\/v2\/media\/79563"}],"wp:attachment":[{"href":"https:\/\/eldiarioantillano.com\/uno\/wp-json\/wp\/v2\/media?parent=79562"}],"wp:term":[{"taxonomy":"category","embeddable":true,"href":"https:\/\/eldiarioantillano.com\/uno\/wp-json\/wp\/v2\/categories?post=79562"},{"taxonomy":"post_tag","embeddable":true,"href":"https:\/\/eldiarioantillano.com\/uno\/wp-json\/wp\/v2\/tags?post=79562"}],"curies":[{"name":"wp","href":"https:\/\/api.w.org\/{rel}","templated":true}]}}