{"id":79553,"date":"2026-04-26T00:16:14","date_gmt":"2026-04-26T04:16:14","guid":{"rendered":"https:\/\/eldiarioantillano.com\/uno\/?p=79553"},"modified":"2026-04-26T00:16:14","modified_gmt":"2026-04-26T04:16:14","slug":"trabajar-para-que-nos-inunde-el-gesto-que-falto","status":"publish","type":"post","link":"https:\/\/eldiarioantillano.com\/uno\/2026\/04\/26\/trabajar-para-que-nos-inunde-el-gesto-que-falto\/","title":{"rendered":"\u00a1Trabajar para que nos inunde el gesto que falt\u00f3!"},"content":{"rendered":"<div>Por ALFONSO -FONCHI- TEJEDA<\/div>\n<div><\/div>\n<div>Sin motivos \u201djustificatorios\u201d, los que nunca ser\u00e1n v\u00e1lidos, ni \u201crazones\u201d que la argumenten, la suerte de Deivi Carlos Abreu Quezada, el chofer de un cami\u00f3n recolector de basura en Santiago que muri\u00f3 tras ser atacado con armas blancas por motoristas,\u00a0 pudo ocurrir por la combinaci\u00f3n desgraciada de hechos y factores que deben avergonzarnos como sociedad toda y provocar la reacci\u00f3n de, por lo menos, las autoridades y sacudir la sensibilidad individual porque ese fallecimiento era evitable con una simple acci\u00f3n de auxilios.<\/div>\n<div><\/div>\n<div><\/div>\n<div>Eso que falt\u00f3 es tan sencillo de hacer, un simple gesto en el escenario, que hoy ser\u00eda un acto de reconocimiento a quien lo hiciera, y una muestra de civilidad, de responsable ciudadan\u00eda, de solidaria humanidad, la que falla desde hace un tiempo apreciable; carencia que parece sist\u00e9mica, sustituida por otras acciones, otras actitudes que cada vez m\u00e1s nos derrumban como humanos, como sociedad.<\/div>\n<div><\/div>\n<div>Tal vez sea importante parodiar al muy aludido \u201cVarguitas\u201d (el apodo del protagonista, Santiago Zavala, en Conversaci\u00f3n en la Catedral (1969) de Mario Vargas Llosa, novela que retrata la frustraci\u00f3n, corrupci\u00f3n y desmoronamiento moral del Per\u00fa durante la dictadura de Manuel Odr\u00eda (1948-1956), pero advirtiendo que este nuestro desmoronamiento se ha incrementado precisamente durante \u201clos a\u00f1os de democracia\u201d, esos que s\u00f3lo han validado algunas porciones del sistema.<\/div>\n<div><\/div>\n<div>Nuestra realidad es bien parad\u00f3jica, pues mientras m\u00e1s se gasta en educaci\u00f3n, los resultados son m\u00e1s cuestionables (hay que agregarle como \u201cinsumo\u201d la corrupci\u00f3n del proceso todo), el deterioro en el respeto, en la civilidad para convivir como ciudadanos responsables, cualidad imprescindible en la dotaci\u00f3n de derechos y en el reclamo de deberes, unos y otros confundidos en una trama donde el m\u00e1s descarado se impone<\/div>\n<div><\/div>\n<div>En ese Cambalache (a prop\u00f3sito, con may\u00fascula), pero sin la gracia ni elegancia del tango escrito por\u00a0 Disc\u00e9polo, hemos sido incapaces de establecer desde la escuela algo tan elemental como el entrenamiento en Primeros Auxilios, una t\u00e9cnica f\u00e1cil y de\u00a0provecho, y de tan urgente necesidad ante la creciente violencia en el tr\u00e1nsito, por ejemplo, que provoca la muerte y lesiones en una cantidad exorbitante.<\/div>\n<div><\/div>\n<div>Como ahora el celular es un instrumento de amplia disponibilidad y de f\u00e1cil acceso, con \u00e9l y a partir de \u00e9l se nos presenta el reto de cambiarle el Chip, para que en vez de usarlo como extensi\u00f3n del espect\u00e1culo, tornarlo a herramienta de trabajo en el entrenamiento de t\u00e9cnicas y habilidades que nos inunden del gesto que falt\u00f3 en el ataque de Deivi Carlos Abreu Quezada, a quien dejaron morir por una imagen que pudo ser un reconocimiento si alguien le hubiese dado los primeros auxilios, los que necesitaba.<\/div>\n","protected":false},"excerpt":{"rendered":"<p>Por ALFONSO -FONCHI- TEJEDA Sin motivos \u201djustificatorios\u201d, los que nunca ser\u00e1n v\u00e1lidos, ni \u201crazones\u201d que&hellip;<\/p>\n","protected":false},"author":2,"featured_media":64816,"comment_status":"closed","ping_status":"closed","sticky":false,"template":"","format":"standard","meta":{"footnotes":""},"categories":[58,55,51],"tags":[],"class_list":["post-79553","post","type-post","status-publish","format-standard","has-post-thumbnail","hentry","category-alfonso-fonchi-tejeda","category-nacionales","category-opinion"],"_links":{"self":[{"href":"https:\/\/eldiarioantillano.com\/uno\/wp-json\/wp\/v2\/posts\/79553","targetHints":{"allow":["GET"]}}],"collection":[{"href":"https:\/\/eldiarioantillano.com\/uno\/wp-json\/wp\/v2\/posts"}],"about":[{"href":"https:\/\/eldiarioantillano.com\/uno\/wp-json\/wp\/v2\/types\/post"}],"author":[{"embeddable":true,"href":"https:\/\/eldiarioantillano.com\/uno\/wp-json\/wp\/v2\/users\/2"}],"replies":[{"embeddable":true,"href":"https:\/\/eldiarioantillano.com\/uno\/wp-json\/wp\/v2\/comments?post=79553"}],"version-history":[{"count":1,"href":"https:\/\/eldiarioantillano.com\/uno\/wp-json\/wp\/v2\/posts\/79553\/revisions"}],"predecessor-version":[{"id":79554,"href":"https:\/\/eldiarioantillano.com\/uno\/wp-json\/wp\/v2\/posts\/79553\/revisions\/79554"}],"wp:featuredmedia":[{"embeddable":true,"href":"https:\/\/eldiarioantillano.com\/uno\/wp-json\/wp\/v2\/media\/64816"}],"wp:attachment":[{"href":"https:\/\/eldiarioantillano.com\/uno\/wp-json\/wp\/v2\/media?parent=79553"}],"wp:term":[{"taxonomy":"category","embeddable":true,"href":"https:\/\/eldiarioantillano.com\/uno\/wp-json\/wp\/v2\/categories?post=79553"},{"taxonomy":"post_tag","embeddable":true,"href":"https:\/\/eldiarioantillano.com\/uno\/wp-json\/wp\/v2\/tags?post=79553"}],"curies":[{"name":"wp","href":"https:\/\/api.w.org\/{rel}","templated":true}]}}