{"id":79544,"date":"2026-04-25T10:04:34","date_gmt":"2026-04-25T14:04:34","guid":{"rendered":"https:\/\/eldiarioantillano.com\/uno\/?p=79544"},"modified":"2026-04-26T00:06:21","modified_gmt":"2026-04-26T04:06:21","slug":"movimiento-caamanista-y-fr-presentan-linea-politica-este-domingo-26","status":"publish","type":"post","link":"https:\/\/eldiarioantillano.com\/uno\/2026\/04\/25\/movimiento-caamanista-y-fr-presentan-linea-politica-este-domingo-26\/","title":{"rendered":"Movimiento Caama\u00f1ista y FR presentan l\u00ednea pol\u00edtica este domingo 26"},"content":{"rendered":"<div id=\":se\" class=\"ii gt\">\n<div id=\":sd\" class=\"a3s aiL\">\n<div id=\"avWBGd-99\">\n<div dir=\"auto\">El acto se realizar\u00e1 desde las 10 am frente al local de Fuerza de la Revoluci\u00f3n en la avenida Independencia 258, como parte de su proceso de unificaci\u00f3n.<\/div>\n<div class=\"yj6qo\"><\/div>\n<div class=\"adL\"><\/div>\n<\/div>\n<\/div>\n<\/div>\n<div id=\":sp\" class=\"hq gt\"><\/div>\n","protected":false},"excerpt":{"rendered":"<p>El acto se realizar\u00e1 desde las 10 am frente al local de Fuerza de la&hellip;<\/p>\n","protected":false},"author":2,"featured_media":79545,"comment_status":"closed","ping_status":"closed","sticky":false,"template":"","format":"gallery","meta":{"footnotes":""},"categories":[55],"tags":[],"class_list":["post-79544","post","type-post","status-publish","format-gallery","has-post-thumbnail","hentry","category-nacionales","post_format-post-format-gallery"],"_links":{"self":[{"href":"https:\/\/eldiarioantillano.com\/uno\/wp-json\/wp\/v2\/posts\/79544","targetHints":{"allow":["GET"]}}],"collection":[{"href":"https:\/\/eldiarioantillano.com\/uno\/wp-json\/wp\/v2\/posts"}],"about":[{"href":"https:\/\/eldiarioantillano.com\/uno\/wp-json\/wp\/v2\/types\/post"}],"author":[{"embeddable":true,"href":"https:\/\/eldiarioantillano.com\/uno\/wp-json\/wp\/v2\/users\/2"}],"replies":[{"embeddable":true,"href":"https:\/\/eldiarioantillano.com\/uno\/wp-json\/wp\/v2\/comments?post=79544"}],"version-history":[{"count":1,"href":"https:\/\/eldiarioantillano.com\/uno\/wp-json\/wp\/v2\/posts\/79544\/revisions"}],"predecessor-version":[{"id":79546,"href":"https:\/\/eldiarioantillano.com\/uno\/wp-json\/wp\/v2\/posts\/79544\/revisions\/79546"}],"wp:featuredmedia":[{"embeddable":true,"href":"https:\/\/eldiarioantillano.com\/uno\/wp-json\/wp\/v2\/media\/79545"}],"wp:attachment":[{"href":"https:\/\/eldiarioantillano.com\/uno\/wp-json\/wp\/v2\/media?parent=79544"}],"wp:term":[{"taxonomy":"category","embeddable":true,"href":"https:\/\/eldiarioantillano.com\/uno\/wp-json\/wp\/v2\/categories?post=79544"},{"taxonomy":"post_tag","embeddable":true,"href":"https:\/\/eldiarioantillano.com\/uno\/wp-json\/wp\/v2\/tags?post=79544"}],"curies":[{"name":"wp","href":"https:\/\/api.w.org\/{rel}","templated":true}]}}