{"id":79542,"date":"2026-04-26T00:00:17","date_gmt":"2026-04-26T04:00:17","guid":{"rendered":"https:\/\/eldiarioantillano.com\/uno\/?p=79542"},"modified":"2026-04-26T00:02:50","modified_gmt":"2026-04-26T04:02:50","slug":"esperanza-o-infierno-la-decision-sigue-estando-en-nuestras-manos","status":"publish","type":"post","link":"https:\/\/eldiarioantillano.com\/uno\/2026\/04\/26\/esperanza-o-infierno-la-decision-sigue-estando-en-nuestras-manos\/","title":{"rendered":"Esperanza o infierno: la decisi\u00f3n sigue estando en nuestras manos"},"content":{"rendered":"<p>26 de abril de 2026 (EIRNS) \u2014 Ya se ha causado mucho da\u00f1o. No es que \u201cse causar\u00e1\u201d si la guerra contra Ir\u00e1n se intensifica a\u00fan m\u00e1s, sino que ya se ha ocasionado, y continuar\u00e1 si los actuales dirigentes de Washington, Jerusal\u00e9n y Londres siguen al mando.<\/p>\n<div>\n<p>Treinta y dos millones de personas han vuelto a caer en la pobreza. Se ha borrado entre el 0,5% y el 0,8% del PIB mundial. Las cadenas de suministro de fertilizantes se han interrumpido durante la temporada de siembra, y la inseguridad alimentaria alcanzar\u00e1 su punto \u00e1lgido en cuesti\u00f3n de meses, con el riesgo de empeorar significativamente el a\u00f1o que viene. Ir\u00e1n ha perdido unos dieciocho meses de progreso en desarrollo humano en ocho semanas de guerra. \u201cLo que lleva d\u00e9cadas construir, se destruye en ocho semanas de guerra\u201d, declar\u00f3 esta semana a\u00a0<i>Reuters<\/i>\u00a0el administrador del Programa de las Naciones Unidas para el Desarrollo, Alexander De Croo.<\/p>\n<p>El estrecho por el que transita una quinta parte del petr\u00f3leo mundial est\u00e1 plagado de minas cuya remoci\u00f3n llevar\u00e1 hasta seis meses, seg\u00fan inform\u00f3 el Pent\u00e1gono a los legisladores en una sesi\u00f3n informativa confidencial; y eso es\u00a0<i>despu\u00e9s<\/i>\u00a0de que cesen los disparos, lo cual a\u00fan no ha ocurrido. El propio comisario de Energ\u00eda de la Uni\u00f3n Europea, Dan J\u00f8rgensen, calific\u00f3 la guerra de Ir\u00e1n como una crisis econ\u00f3mica \u201cprobablemente tan grave como las crisis de 1973 y 2022 juntas\u201d, que le cuesta a Europa 500 millones de euros al d\u00eda y que afectar\u00e1 a los precios durante a\u00f1os.<\/p>\n<p>Esto es lo que han construido los autoproclamados l\u00edderes del mundo occidental. Un Senado de Estados Unidos se ha rehusado en cinco veces consecutivas aprobar una Resoluci\u00f3n de Facultades de Guerra para detener una guerra que nunca autoriz\u00f3, mientras que la dirigencia dem\u00f3crata del Senado organiza la votaci\u00f3n semanalmente como un espect\u00e1culo, y no como un medio para recortar realmente el financiamiento de la guerra, algo que podr\u00eda hacer en 24 horas si as\u00ed lo decidiera. El Canciller de Alemania anuncia ante los banqueros reunidos de Alemania que la pensi\u00f3n legal ha llegado a su fin y que los bancos deben hacerse cargo. Una Casa Blanca de Trump que propone destrozar lo que queda del contrato social estadounidense (Medicare, Medicaid, el cuidado infantil, \u201ctodas estas peque\u00f1as estafas\u201d, en palabras del propio presidente) para que los recursos puedan concentrarse en la \u201cprotecci\u00f3n militar\u201d. Un senador que, en lugar de retroceder ante el desastre estrat\u00e9gico que supone el bloqueo estadounidense del Golfo P\u00e9rsico, propone globalizarlo.<\/p>\n<p>Y frente a esto: la humanidad misma. En las mismas semanas en que se contabilizaban los estragos, el Memorial Sloan Kettering anunci\u00f3 que su vacuna personalizada de ARNm contra el c\u00e1ncer de p\u00e1ncreas, una de las enfermedades m\u00e1s mort\u00edferas conocidas por la medicina, mantuvo con vida a casi el 90% de los pacientes que respondieron al tratamiento entre cuatro y seis a\u00f1os despu\u00e9s del mismo. La India alcanz\u00f3 el estado cr\u00edtico en un reactor reproductor r\u00e1pido de 500 megavatios en Kalpakkam, fruto de dos d\u00e9cadas de ingenier\u00eda aut\u00f3ctona y puerta de entrada a un futuro energ\u00e9tico alimentado por torio que se mide en siglos, no en ciclos electorales. Estos no son lujos de un mundo en paz. Son los frutos pacientes de la premisa de que la raz\u00f3n humana, aplicada de forma constante a largo plazo por gobiernos dispuestos a respaldarla, puede resolver problemas que antes parec\u00edan insolubles. Son la ant\u00edpoda de una civilizaci\u00f3n en guerra consigo misma.<\/p>\n<p>Esta es la elecci\u00f3n. No se trata de elegir entre una pol\u00edtica exterior y otra. Se trata de elegir entre una civilizaci\u00f3n que invierte en sacar a los seres humanos de la oscuridad y otra que, como ha dicho Helga Zepp-LaRouche, \u201cvacila entre la esperanza y el infierno\u201d. La Coalici\u00f3n Internacional por la Paz aboga por acciones que den lugar a la esperanza. Su tema de esta semana es \u201cIntervenir ante la \u2018p\u00e9rdida de la raz\u00f3n\u2019\u201d. Sus ponentes \u2014Helga Zepp-LaRouche; el sargento mayor jefe de comando Dennis Fritz (retirado, Fuerza A\u00e9rea de EU); la exdiputada mexicana Mar\u00eda de los \u00c1ngeles Huerta; el exanalista de la CIA Larry Johnson; el ganadero Mike Callicrate; la candidata independiente a la presidencia de EU, Diane Sare y el organizador de la Organizaci\u00f3n LaRouche Tim Rush, informando desde Washington\u2014 son la ant\u00edtesis viviente de la clase rentista para la que la guerra perpetua es un camino hacia el lucro y el dominio.\u00a0La devastaci\u00f3n es real. Pero no es demasiado tarde; la humanidad a\u00fan no est\u00e1 condenada a la bestialidad.<\/p>\n<\/div>\n","protected":false},"excerpt":{"rendered":"<p>26 de abril de 2026 (EIRNS) \u2014 Ya se ha causado mucho da\u00f1o. No es&hellip;<\/p>\n","protected":false},"author":2,"featured_media":66556,"comment_status":"closed","ping_status":"closed","sticky":false,"template":"","format":"standard","meta":{"footnotes":""},"categories":[52,53],"tags":[],"class_list":["post-79542","post","type-post","status-publish","format-standard","has-post-thumbnail","hentry","category-internacionales","category-prensa-latina"],"_links":{"self":[{"href":"https:\/\/eldiarioantillano.com\/uno\/wp-json\/wp\/v2\/posts\/79542","targetHints":{"allow":["GET"]}}],"collection":[{"href":"https:\/\/eldiarioantillano.com\/uno\/wp-json\/wp\/v2\/posts"}],"about":[{"href":"https:\/\/eldiarioantillano.com\/uno\/wp-json\/wp\/v2\/types\/post"}],"author":[{"embeddable":true,"href":"https:\/\/eldiarioantillano.com\/uno\/wp-json\/wp\/v2\/users\/2"}],"replies":[{"embeddable":true,"href":"https:\/\/eldiarioantillano.com\/uno\/wp-json\/wp\/v2\/comments?post=79542"}],"version-history":[{"count":1,"href":"https:\/\/eldiarioantillano.com\/uno\/wp-json\/wp\/v2\/posts\/79542\/revisions"}],"predecessor-version":[{"id":79543,"href":"https:\/\/eldiarioantillano.com\/uno\/wp-json\/wp\/v2\/posts\/79542\/revisions\/79543"}],"wp:featuredmedia":[{"embeddable":true,"href":"https:\/\/eldiarioantillano.com\/uno\/wp-json\/wp\/v2\/media\/66556"}],"wp:attachment":[{"href":"https:\/\/eldiarioantillano.com\/uno\/wp-json\/wp\/v2\/media?parent=79542"}],"wp:term":[{"taxonomy":"category","embeddable":true,"href":"https:\/\/eldiarioantillano.com\/uno\/wp-json\/wp\/v2\/categories?post=79542"},{"taxonomy":"post_tag","embeddable":true,"href":"https:\/\/eldiarioantillano.com\/uno\/wp-json\/wp\/v2\/tags?post=79542"}],"curies":[{"name":"wp","href":"https:\/\/api.w.org\/{rel}","templated":true}]}}