{"id":79522,"date":"2026-04-25T00:02:04","date_gmt":"2026-04-25T04:02:04","guid":{"rendered":"https:\/\/eldiarioantillano.com\/uno\/?p=79522"},"modified":"2026-04-24T16:46:14","modified_gmt":"2026-04-24T20:46:14","slug":"la-violencia-infantil","status":"publish","type":"post","link":"https:\/\/eldiarioantillano.com\/uno\/2026\/04\/25\/la-violencia-infantil\/","title":{"rendered":"La violencia infantil"},"content":{"rendered":"<p style=\"text-align: left;\" align=\"center\">Por PATRICIA ARACHE<br \/>\n<span style=\"font-family: Arial, serif;\">@patriciarache<\/span><\/p>\n<p align=\"center\">\n<p align=\"justify\"><span style=\"font-family: Arial, serif;\"><span style=\"font-size: medium;\">La reciente publicaci\u00f3n del estudio del Fondo de las Naciones Unidas para la Infancia (UNICEF) y la Organizaci\u00f3n Panamericana de la Salud (OPS) sobre violencia contra ni\u00f1os, ni\u00f1as y adolescentes en Am\u00e9rica Latina y el Caribe ha dejado al descubierto una herida que la sociedad dominicana no puede seguir ocultando.<\/span><\/span><\/p>\n<p align=\"justify\"><span style=\"font-family: Arial, serif;\"><span style=\"font-size: medium;\">El pasado a\u00f1o 2025, el estudio sobre violencia contra ni\u00f1os, ni\u00f1as y adolescentes que present\u00f3 UNICEF estaba enfocado en siete aspectos fundamentales: Contexto de violencia, maltrato f\u00edsico y violencia sexual, uniones tempranas y embarazo en adolescentes, m\u00e9todos violentos en la crianza, trabajo infantil, inscripci\u00f3n tard\u00eda del nacimiento y suicidio.<\/span><\/span><\/p>\n<p align=\"justify\"><span style=\"font-family: Arial, serif;\"><span style=\"font-size: medium;\">Ese informe evidenci\u00f3 que las hembras llevan la peor parte: Se estableci\u00f3 que el 76 % de las adolescentes de 15 a 17 a\u00f1os fue v\u00edctima de alg\u00fan tipo de violencia; el 52.2 % report\u00f3 haber sufrido violencia sexual y que, en los espacios escolares, el 45.5 % experiment\u00f3 agresiones f\u00edsicas o psicol\u00f3gicas.<\/span><\/span><\/p>\n<p align=\"justify\"><span style=\"font-family: Arial, serif;\"><span style=\"font-size: medium;\">En aquel momento, se pon\u00eda de manifiesto la necesidad de impulsar un cambio en las formas y en las convicciones que tejen algunas personas, respecto a hacer cumplir las reglas en los hogares y en los centros de ense\u00f1anza. Al parecer, pocos resultados se han obtenido.<\/span><\/span><\/p>\n<p align=\"justify\"><span style=\"font-family: Arial, serif;\"><span style=\"font-size: medium;\">En esta oportunidad, el estudio revela que el 63% de los menores ha sufrido violencia en sus hogares o escuelas, lo que representa una gran afrenta para el pa\u00eds, colocado, adem\u00e1s, por encima de la media regional de Am\u00e9rica Latina y del Caribe, que es del 60%, y tambi\u00e9n es muy alta.<\/span><\/span><\/p>\n<p align=\"justify\"><span style=\"font-family: Arial, serif;\"><span style=\"font-size: medium;\">Rep\u00fablica Dominicana se vende al mundo como un pa\u00eds alegre, hospitalario y solidario, que lo es, pero esta imagen, que sustenta gran parte del atractivo tur\u00edstico, contrasta con la realidad de ni\u00f1os que crecen entre golpes, gritos y abusos, incluso, de quienes deben protegerlos.<\/span><\/span><\/p>\n<p align=\"justify\"><span style=\"font-family: Arial, serif;\"><span style=\"font-size: medium;\">Es una contradicci\u00f3n brutal que conduce a formular la siguiente pregunta: \u00bfc\u00f3mo puede un pa\u00eds que presume de su calidez permitir dejarse desmoralizar por la violencia?<\/span><\/span><\/p>\n<p align=\"justify\"><span style=\"font-family: Arial, serif;\"><span style=\"font-size: medium;\">Las estad\u00edsticas son escalofriantes, pero lo m\u00e1s preocupante es la normalizaci\u00f3n cultural que algunos hacen de la violencia. Golpear para educar, gritar para corregir, humillar para disciplinar son pr\u00e1cticas que se han transmitido de generaci\u00f3n en generaci\u00f3n y que siguen siendo vistas como leg\u00edtimas, hasta por legisladoras que defienden \u201cla pela\u201d como castigo.<\/span><\/span><\/p>\n<p align=\"justify\"><span style=\"font-family: Arial, serif;\"><span style=\"font-size: medium;\">El Estado y sus instituciones tienen grandes retos, por lo que deber\u00edan crear pol\u00edticas p\u00fablicas integrales y sostenidas, mediante programas de crianza positiva que ense\u00f1en disciplina sin violencia, sistemas de protecci\u00f3n que integren salud, justicia y educaci\u00f3n y apoyo a familias vulnerables, con servicios psicol\u00f3gicos y de formaci\u00f3n humana.<\/span><\/span><\/p>\n<p align=\"justify\"><span style=\"font-family: Arial, serif;\"><span style=\"font-size: medium;\">Pero las familias tambi\u00e9n deben hacer conciencia y preguntarse si la manera en la que est\u00e1n llevando a cabo la crianza de los ni\u00f1os contribuye a la formaci\u00f3n de seres sociales dignos, con autoestima, con respeto, con responsabilidad, con actitud y con aptitud, para vivir en sociedad.<\/span><\/span><\/p>\n<p align=\"justify\"><span style=\"font-family: Arial, serif;\"><span style=\"font-size: medium;\">Muchos pa\u00edses ya han demostrado que el cambio en los m\u00e9todos para la crianza de ni\u00f1os y ni\u00f1as y en la formaci\u00f3n de adolescentes es posible y funcional.<\/span><\/span><\/p>\n<p align=\"justify\"><span style=\"font-family: Arial, serif;\"><span style=\"font-size: medium;\">En Colombia, programas de fortalecimiento familiar han reducido la separaci\u00f3n de ni\u00f1os de sus hogares; en Per\u00fa y M\u00e9xico, la participaci\u00f3n infantil ha dado voz a los menores para denunciar abusos y, en Brasil, redes comunitarias han tejido protecci\u00f3n desde las escuelas y barrios.<\/span><\/span><\/p>\n<p align=\"justify\"><span style=\"font-family: Arial, serif;\"><span style=\"font-size: medium;\">Estos son ejemplos que muestran que la transformaci\u00f3n requiere voluntad pol\u00edtica y compromiso social.<\/span><\/span><\/p>\n<p align=\"justify\"><span style=\"font-family: Arial, serif;\"><span style=\"font-size: medium;\">Rep\u00fablica Dominicana no puede aspirar a ser l\u00edder en turismo, cultura, deportes o cualquier otra \u00e1rea de desarrollo, mientras su infancia tambi\u00e9n est\u00e1 atrapada en la violencia. \u00a1Hay que hacer algo urgente! Toca a todos poner un grano de arena.<\/span><\/span><\/p>\n","protected":false},"excerpt":{"rendered":"<p>Por PATRICIA ARACHE @patriciarache La reciente publicaci\u00f3n del estudio del Fondo de las Naciones Unidas&hellip;<\/p>\n","protected":false},"author":2,"featured_media":63965,"comment_status":"closed","ping_status":"closed","sticky":false,"template":"","format":"standard","meta":{"footnotes":""},"categories":[55,51,65],"tags":[],"class_list":["post-79522","post","type-post","status-publish","format-standard","has-post-thumbnail","hentry","category-nacionales","category-opinion","category-patricia-arache"],"_links":{"self":[{"href":"https:\/\/eldiarioantillano.com\/uno\/wp-json\/wp\/v2\/posts\/79522","targetHints":{"allow":["GET"]}}],"collection":[{"href":"https:\/\/eldiarioantillano.com\/uno\/wp-json\/wp\/v2\/posts"}],"about":[{"href":"https:\/\/eldiarioantillano.com\/uno\/wp-json\/wp\/v2\/types\/post"}],"author":[{"embeddable":true,"href":"https:\/\/eldiarioantillano.com\/uno\/wp-json\/wp\/v2\/users\/2"}],"replies":[{"embeddable":true,"href":"https:\/\/eldiarioantillano.com\/uno\/wp-json\/wp\/v2\/comments?post=79522"}],"version-history":[{"count":1,"href":"https:\/\/eldiarioantillano.com\/uno\/wp-json\/wp\/v2\/posts\/79522\/revisions"}],"predecessor-version":[{"id":79523,"href":"https:\/\/eldiarioantillano.com\/uno\/wp-json\/wp\/v2\/posts\/79522\/revisions\/79523"}],"wp:featuredmedia":[{"embeddable":true,"href":"https:\/\/eldiarioantillano.com\/uno\/wp-json\/wp\/v2\/media\/63965"}],"wp:attachment":[{"href":"https:\/\/eldiarioantillano.com\/uno\/wp-json\/wp\/v2\/media?parent=79522"}],"wp:term":[{"taxonomy":"category","embeddable":true,"href":"https:\/\/eldiarioantillano.com\/uno\/wp-json\/wp\/v2\/categories?post=79522"},{"taxonomy":"post_tag","embeddable":true,"href":"https:\/\/eldiarioantillano.com\/uno\/wp-json\/wp\/v2\/tags?post=79522"}],"curies":[{"name":"wp","href":"https:\/\/api.w.org\/{rel}","templated":true}]}}