{"id":79508,"date":"2026-04-24T00:00:55","date_gmt":"2026-04-24T04:00:55","guid":{"rendered":"https:\/\/eldiarioantillano.com\/uno\/?p=79508"},"modified":"2026-04-23T21:04:44","modified_gmt":"2026-04-24T01:04:44","slug":"obreros-se-unen-al-llamado-a-concentracion-frente-al-palacio-nacional","status":"publish","type":"post","link":"https:\/\/eldiarioantillano.com\/uno\/2026\/04\/24\/obreros-se-unen-al-llamado-a-concentracion-frente-al-palacio-nacional\/","title":{"rendered":"Obreros se unen al llamado a concentraci\u00f3n frente al Palacio Nacional"},"content":{"rendered":"<div id=\":xv\" class=\"ii gt\">\n<div id=\":wi\" class=\"a3s aiL\">\n<div id=\"avWBGd-281\">\n<div dir=\"auto\">Diversos sectores populares est\u00e1n exhortando a manifestarse el lunes 27 de abril ante la sede oficial, tres d\u00edas despu\u00e9s del 61 aniversario de la Insurrecci\u00f3n de Abril y uno antes del de la intervenci\u00f3n militar de Estados Unidos.<\/div>\n<div class=\"yj6qo\"><\/div>\n<div class=\"adL\"><\/div>\n<\/div>\n<\/div>\n<\/div>\n<div id=\":wy\" class=\"hq gt\"><\/div>\n","protected":false},"excerpt":{"rendered":"<p>Diversos sectores populares est\u00e1n exhortando a manifestarse el lunes 27 de abril ante la sede&hellip;<\/p>\n","protected":false},"author":2,"featured_media":79509,"comment_status":"closed","ping_status":"closed","sticky":false,"template":"","format":"gallery","meta":{"footnotes":""},"categories":[55],"tags":[],"class_list":["post-79508","post","type-post","status-publish","format-gallery","has-post-thumbnail","hentry","category-nacionales","post_format-post-format-gallery"],"_links":{"self":[{"href":"https:\/\/eldiarioantillano.com\/uno\/wp-json\/wp\/v2\/posts\/79508","targetHints":{"allow":["GET"]}}],"collection":[{"href":"https:\/\/eldiarioantillano.com\/uno\/wp-json\/wp\/v2\/posts"}],"about":[{"href":"https:\/\/eldiarioantillano.com\/uno\/wp-json\/wp\/v2\/types\/post"}],"author":[{"embeddable":true,"href":"https:\/\/eldiarioantillano.com\/uno\/wp-json\/wp\/v2\/users\/2"}],"replies":[{"embeddable":true,"href":"https:\/\/eldiarioantillano.com\/uno\/wp-json\/wp\/v2\/comments?post=79508"}],"version-history":[{"count":1,"href":"https:\/\/eldiarioantillano.com\/uno\/wp-json\/wp\/v2\/posts\/79508\/revisions"}],"predecessor-version":[{"id":79510,"href":"https:\/\/eldiarioantillano.com\/uno\/wp-json\/wp\/v2\/posts\/79508\/revisions\/79510"}],"wp:featuredmedia":[{"embeddable":true,"href":"https:\/\/eldiarioantillano.com\/uno\/wp-json\/wp\/v2\/media\/79509"}],"wp:attachment":[{"href":"https:\/\/eldiarioantillano.com\/uno\/wp-json\/wp\/v2\/media?parent=79508"}],"wp:term":[{"taxonomy":"category","embeddable":true,"href":"https:\/\/eldiarioantillano.com\/uno\/wp-json\/wp\/v2\/categories?post=79508"},{"taxonomy":"post_tag","embeddable":true,"href":"https:\/\/eldiarioantillano.com\/uno\/wp-json\/wp\/v2\/tags?post=79508"}],"curies":[{"name":"wp","href":"https:\/\/api.w.org\/{rel}","templated":true}]}}