{"id":79491,"date":"2026-04-23T00:06:37","date_gmt":"2026-04-23T04:06:37","guid":{"rendered":"https:\/\/eldiarioantillano.com\/uno\/?p=79491"},"modified":"2026-04-22T16:29:38","modified_gmt":"2026-04-22T20:29:38","slug":"el-mundo-se-encuentra-en-un-grave-punto-de-crisis","status":"publish","type":"post","link":"https:\/\/eldiarioantillano.com\/uno\/2026\/04\/23\/el-mundo-se-encuentra-en-un-grave-punto-de-crisis\/","title":{"rendered":"El mundo se encuentra en un grave punto de crisis"},"content":{"rendered":"<p><b style=\"font-family: 'PT Serif', serif; font-size: 14px;\">(Instituto Schiller).<\/b><span style=\"font-family: 'PT Serif', serif; font-size: 14px;\">&#8211; En la octava semana de la guerra entre Estados Unidos e Israel contra Ir\u00e1n, el mundo se encuentra en un grave punto de crisis tanto objetivamente \u2014con un impacto econ\u00f3mico cada vez m\u00e1s grave\u2014 como subjetivamente, ante una conmoci\u00f3n moral y diplom\u00e1tica. Se est\u00e1 desenvolviendo la din\u00e1mica de una depresi\u00f3n mundial, sin que haya dudas sobre \u201csi\u201d o \u201ccu\u00e1ndo\u201d ocurrir\u00e1, dadas las reacciones en cadena de la escasez de combustible y productos qu\u00edmicos, y la hiperinflaci\u00f3n de los precios.<\/span><\/p>\n<div id=\"m_5321033495764867478ydp4931475cyiv5829639814m_-2635144287388000943gmail-:29x\">\n<p>\u00a0Por ejemplo, la escasez mundial de alimentos va en aumento: el Consejo Internacional de Cereales (IGC, por sus siglas en ingl\u00e9s) prev\u00e9 una disminuci\u00f3n de la producci\u00f3n mundial de millones de toneladas de todos los cereales (trigo, ma\u00edz y algunos otros) para la actual cosecha agr\u00edcola 2026-2027. La \u00fanica pregunta es de cu\u00e1nto ser\u00e1 esa disminuci\u00f3n. (El IGC, un organismo intergubernamental, lleva recopilando datos desde su fundaci\u00f3n en 1949).En v\u00edsperas de que se cumpla el plazo del cese al fuego de dos semanas declarado por el Presidente Donald Trump el 7 de abril, que ayer extendi\u00f3 del 21 de abril al \u201cmi\u00e9rcoles por la noche, hora de Washington\u201d, al 22 de abril, no hay acuerdos definitivos para una segunda ronda de conversaciones entre Estados Unidos, Ir\u00e1n y los mediadores.<\/p>\n<p>El Presidente de Ir\u00e1n, Masoud Pezeshkian, declar\u00f3 ayer en una publicaci\u00f3n en X: \u201cPersiste la profunda desconfianza hist\u00f3rica de Ir\u00e1n hacia la conducta del gobierno de EU, mientras que las se\u00f1ales poco constructivas y contradictorias de los funcionarios estadounidenses transmiten un mensaje amargo; buscan la rendici\u00f3n de Ir\u00e1n; los iran\u00edes no se someten a la fuerza\u201d.<\/p>\n<p>Por su parte, el Presidente Trump hizo una serie de breves declaraciones a m\u00faltiples medios noticiosos en las \u00faltimas 24 horas, en los que transmite como de costumbre toda una diversidad de comentarios, entre ellos ataques contra cualquier compatriota estadounidense que busque un fin temprano del conflicto. Por otra parte, declar\u00f3 que las conversaciones est\u00e1n programadas y que enviar\u00e1 al vicepresidente JD Vance a Pakist\u00e1n el 21 de abril. Este patr\u00f3n fren\u00e9tico es el tipo de comportamiento sobre el que advierten decenas de profesionales de la salud mental en Estados Unidos, ya que constituye una amenaza para la seguridad y un motivo para iniciar medidas constitucionales para detenerlo.<\/p>\n<p>En este peligroso contexto, el mundo necesita una intervenci\u00f3n decisiva de la raz\u00f3n, como dijo Helga Zepp-LaRouche, l\u00edder del Instituto Schiller e iniciadora de la Coalici\u00f3n Internacional por la Paz (IPC) en 2022 como una plataforma abierta \u2014que se re\u00fane semanalmente por internet\u2014 para aumentar el impacto unificado de quienes trabajan por la paz, en particular a trav\u00e9s del desarrollo econ\u00f3mico. Hizo un llamado a una movilizaci\u00f3n urgente e inmediata \u201cpara que haya m\u00e1s adultos en la sala\u201d que intervengan en la crisis mundial, con el fin de alejar el peligro y avanzar hacia un nuevo marco de seguridad y paz. \u201cEl mundo pende de un fino hilo de seda\u201d, advirti\u00f3.<\/p>\n<p>Esta realidad se manifiesta en estos rasgos extremos de la situaci\u00f3n de la regi\u00f3n del gran sudoeste asi\u00e1tico y el norte de \u00c1frica. Estados Unidos tiene una fuerza concentrada de tres grupos de portaaviones y unos 50.000 soldados y marineros en la zona. El 19 de abril, un destructor adscrito al Grupo de Ataque del Portaaviones USS Abraham Lincoln captur\u00f3 el buque de carga iran\u00ed Touska. Mientras tanto, Israel no cesa en su intervenci\u00f3n militar en el L\u00edbano, donde m\u00e1s de un mill\u00f3n de residentes han sido desplazados.<\/p>\n<p>En Gaza, las Fuerzas de Defensa de Israel (FDI) han establecido 48 puestos de control militar, incluidos 13 desde que se anunciara el dizque cese al fuego de octubre de 2025. Cientos de palestinos han sido asesinados en Gaza durante el \u201ccese al fuego\u201d, y tambi\u00e9n en Cisjordania. Ni siquiera se simula un programa de reconstrucci\u00f3n de la mentada \u201cJunta de Paz\u201d de Trump. En todos los Estados del Golfo, millones de trabajadores extranjeros \u2014alrededor de 24 millones en total\u2014 se encuentran varados sin trabajo, sin alimentos ni art\u00edculos de primera necesidad.<\/p>\n<p>A nivel internacional, el panorama econ\u00f3mico empeora a cada momento. Se han instalado ya la escasez de combustible y el racionamiento, especialmente en Asia y \u00c1frica. Eslovenia fue el primer pa\u00eds de la Uni\u00f3n Europea en limitar el acceso diario a la gasolina a 50 litros, el l\u00edmite que ahora se aplica en Indonesia y muchos otros pa\u00edses. Se est\u00e1n reduciendo los vuelos de pasajeros desde Australia hasta Tailandia por falta de combustible para aviones. La escasez de fertilizantes, y no solo los precios desorbitados, se est\u00e1 extendiendo. Por ejemplo, Brasil, la potencia agr\u00edcola, depende en un 85% de las importaciones de fertilizantes, para lo cual no hay una soluci\u00f3n r\u00e1pida. La India sufre una grave escasez.<\/p>\n<p>En Estados Unidos, la secretaria de Agricultura pidi\u00f3 a los agricultores que aguantaran, ya que la Casa Blanca anunciar\u00e1 esta semana un programa de ayuda para fertilizantes. Estados Unidos, que preside este a\u00f1o al Grupo de los 20, public\u00f3 una \u201cDeclaraci\u00f3n de la presidencia\u201d, emitida por el Departamento del Tesoro, en la que insta a los miembros del G20 a mantenerse \u201c\u00e1giles y flexibles\u201d para promover \u201cla seguridad alimentaria y apoyar la estabilidad del mercado\u201d, pero no hace nada para detener la guerra.<\/p>\n<p>Mientras tanto, se dispara la deuda p\u00fablica de Estados Unidos. \u00a1Aument\u00f3 en 1 bill\u00f3n de d\u00f3lares solo en los cinco meses hasta marzo de este a\u00f1o! Al mismo tiempo, los compradores de bonos de deuda estadounidense se est\u00e1n retirando del mercado, hasta el punto de provocar el colapso del \u201cmercado\u201d de deuda del Tesoro de Estados Unidos.<\/p>\n<p>Todo ello constituye solo la actualizaci\u00f3n diaria de un proceso que degenera r\u00e1pidamente, y que a menos que se detenga, significar\u00e1 el caos, con una destrucci\u00f3n innecesaria. Se tiene que parar ya la degradaci\u00f3n econ\u00f3mica, y el sufrimiento y la muerte en el sudoeste de Asia y en todas las zonas de guerra.<\/p>\n<p>Los padres de las 168 ni\u00f1as asesinadas en la escuela femenina de Minab, en Ir\u00e1n, el 28 de febrero, enviaron una carta al Papa Le\u00f3n XIV, que va directa al grano. El <a href=\"https:\/\/schillerinstitute.nationbuilder.com\/r?u=T0-1eJCISs_yvaXR32RBXVPYjnjQv8FRjlwbC0o_Q7RzhjD4P1oPsaWumZPIB-E4FP1qvAVANkfWGAlGoVyoBh53VxXmDOVy3LlbEqIbejc&amp;e=c107488287b33525b6211a50cbedbd74&amp;utm_source=schillerinstitute&amp;utm_medium=email&amp;utm_campaign=invitacion_cip_151&amp;n=3\" target=\"_blank\" rel=\"noreferrer noopener\" data-saferedirecturl=\"https:\/\/www.google.com\/url?q=https:\/\/schillerinstitute.nationbuilder.com\/r?u%3DT0-1eJCISs_yvaXR32RBXVPYjnjQv8FRjlwbC0o_Q7RzhjD4P1oPsaWumZPIB-E4FP1qvAVANkfWGAlGoVyoBh53VxXmDOVy3LlbEqIbejc%26e%3Dc107488287b33525b6211a50cbedbd74%26utm_source%3Dschillerinstitute%26utm_medium%3Demail%26utm_campaign%3Dinvitacion_cip_151%26n%3D3&amp;source=gmail&amp;ust=1776974011919000&amp;usg=AOvVaw3i0HYROm0kOeMbfaWYnmSf\">texto escrito a mano<\/a>, se hizo p\u00fablico el 19 de abril, agradece al Papa su labor en pro de la paz en todo el mundo y le insta a \u201cseguir siendo la voz de los ni\u00f1os sin voz\u201d. La paz y la tranquilidad se logran \u201cno mediante la fuerza y las armas, sino por la v\u00eda del di\u00e1logo y la b\u00fasqueda genuina de una soluci\u00f3n para todos\u201d.<\/p>\n<p>Hay diversas voces que se alzan en todo el mundo y que, si se amplifican en n\u00famero y se enfocan en las iniciativas positivas, pueden cambiar el curso de la historia. En Estados Unidos hay un enfoque cr\u00edtico sobre la responsabilidad que la Constituci\u00f3n confiere al Congreso de asumir su responsabilidad y actuar para detener la locura de la guerra. Los d\u00edas 22 y 29 de abril, muchos estadounidenses tienen previsto dar instrucciones al Congreso en persona, lo que \u2014junto con mensajes procedentes de todo el pa\u00eds y de todo el mundo\u2014 puede constituir una intervenci\u00f3n crucial de la raz\u00f3n.<\/p>\n<p>La forma m\u00e1s eficaz de parar esta locura es que el Congreso corte el financiamiento destinado a la guerra, como se vio de forma dram\u00e1tica en 1973, cuando se aprob\u00f3 un proyecto de ley para retirar los fondos a la guerra de Estados Unidos en Vietnam.\u00a0Hagamos de la\u00a0<a href=\"https:\/\/es-schillerinstitute.nationbuilder.com\/reunion_cip?e=c107488287b33525b6211a50cbedbd74&amp;utm_source=schillerinstitute&amp;utm_medium=email&amp;utm_campaign=invitacion_cip_151&amp;n=4\" target=\"_blank\" rel=\"noreferrer noopener\" data-saferedirecturl=\"https:\/\/www.google.com\/url?q=https:\/\/es-schillerinstitute.nationbuilder.com\/reunion_cip?e%3Dc107488287b33525b6211a50cbedbd74%26utm_source%3Dschillerinstitute%26utm_medium%3Demail%26utm_campaign%3Dinvitacion_cip_151%26n%3D4&amp;source=gmail&amp;ust=1776974011919000&amp;usg=AOvVaw38ZUdoL8ayTZ_a6gFAQYC4\">reuni\u00f3n de la Coalici\u00f3n Internacional por la Paz<\/a>, de este viernes 24 de abril a las 11:00 am (hora del Este de Estados\u00a0Unidos), un encuentro decisivo para la fuerza de la raz\u00f3n en el mundo.<\/p>\n<\/div>\n","protected":false},"excerpt":{"rendered":"<p>(Instituto Schiller).&#8211; En la octava semana de la guerra entre Estados Unidos e Israel contra&hellip;<\/p>\n","protected":false},"author":2,"featured_media":77637,"comment_status":"closed","ping_status":"closed","sticky":false,"template":"","format":"standard","meta":{"footnotes":""},"categories":[78,52],"tags":[],"class_list":["post-79491","post","type-post","status-publish","format-standard","has-post-thumbnail","hentry","category-eirns","category-internacionales"],"_links":{"self":[{"href":"https:\/\/eldiarioantillano.com\/uno\/wp-json\/wp\/v2\/posts\/79491","targetHints":{"allow":["GET"]}}],"collection":[{"href":"https:\/\/eldiarioantillano.com\/uno\/wp-json\/wp\/v2\/posts"}],"about":[{"href":"https:\/\/eldiarioantillano.com\/uno\/wp-json\/wp\/v2\/types\/post"}],"author":[{"embeddable":true,"href":"https:\/\/eldiarioantillano.com\/uno\/wp-json\/wp\/v2\/users\/2"}],"replies":[{"embeddable":true,"href":"https:\/\/eldiarioantillano.com\/uno\/wp-json\/wp\/v2\/comments?post=79491"}],"version-history":[{"count":1,"href":"https:\/\/eldiarioantillano.com\/uno\/wp-json\/wp\/v2\/posts\/79491\/revisions"}],"predecessor-version":[{"id":79492,"href":"https:\/\/eldiarioantillano.com\/uno\/wp-json\/wp\/v2\/posts\/79491\/revisions\/79492"}],"wp:featuredmedia":[{"embeddable":true,"href":"https:\/\/eldiarioantillano.com\/uno\/wp-json\/wp\/v2\/media\/77637"}],"wp:attachment":[{"href":"https:\/\/eldiarioantillano.com\/uno\/wp-json\/wp\/v2\/media?parent=79491"}],"wp:term":[{"taxonomy":"category","embeddable":true,"href":"https:\/\/eldiarioantillano.com\/uno\/wp-json\/wp\/v2\/categories?post=79491"},{"taxonomy":"post_tag","embeddable":true,"href":"https:\/\/eldiarioantillano.com\/uno\/wp-json\/wp\/v2\/tags?post=79491"}],"curies":[{"name":"wp","href":"https:\/\/api.w.org\/{rel}","templated":true}]}}