{"id":79466,"date":"2026-04-22T00:00:15","date_gmt":"2026-04-22T04:00:15","guid":{"rendered":"https:\/\/eldiarioantillano.com\/uno\/?p=79466"},"modified":"2026-04-21T22:33:02","modified_gmt":"2026-04-22T02:33:02","slug":"79466","status":"publish","type":"post","link":"https:\/\/eldiarioantillano.com\/uno\/2026\/04\/22\/79466\/","title":{"rendered":"Agradecimiento y reconocimiento"},"content":{"rendered":"<p>Por PATRICIA ARACHE<br \/>\n@patriciarache<\/p>\n<p><strong><br \/>\n<\/strong>El periodismo, m\u00e1s que oficio, es vocaci\u00f3n de servicio y se construye con rigor, \u00e9tica y responsabilidad. Por eso, recibir un reconocimiento del Colegio Dominicano de Periodistas (CDP) se constituye en un acto que interpela y que obliga a mirar hacia atr\u00e1s, hacia adelante y, \u00bfpor qu\u00e9 no? hacia todos los lados.<\/p>\n<p>En 2008 tuve el honor de recibir de esta instituci\u00f3n, de la que soy miembro-fundadora, un pergamino por mis \u201csignificativos aportes al desarrollo del periodismo dominicano\u201d, lo cual se constituy\u00f3 en una distinci\u00f3n y un llamado a perseverar, a seguir defendiendo la verdad frente a la complacencia y la cr\u00edtica frente a la indiferencia.<\/p>\n<p>La presidenta del CDP en ese momento, Mercedes Castillo, y el secretario, Alberto Caminero, firmaron aquel documento que a\u00fan guardo como s\u00edmbolo de compromiso.<\/p>\n<p>Hoy, casi dos d\u00e9cadas despu\u00e9s, el CDP vuelve a distinguir mi trayectoria, esta vez por m\u00e1s de cuarenta a\u00f1os de ejercicio profesional.<\/p>\n<p>He transitado desde los primeros pasos, como si fuera un conscripto en las filas militares, hasta ocupar diversos puestos directivos en medios de comunicaci\u00f3n social y en la comunicaci\u00f3n corporativa de instituciones p\u00fablicas y privadas.<\/p>\n<p>Este segundo reconocimiento, otorgado por la regional del Distrito Nacional, es, adem\u00e1s de un homenaje personal, un testimonio de que la dedicaci\u00f3n y el compromiso con la \u00e9tica y la verdad siempre contribuyen a consolidar una mejor sociedad y, por l\u00f3gica, un mejor pa\u00eds.<\/p>\n<p>Agradezco al presidente del CDP, Luis P\u00e9rez, y al secretario general de la seccional del Distrito Nacional, Wilder P\u00e1ez, por haber hecho posible este encuentro que honra la palabra y la profesi\u00f3n.<\/p>\n<p>La Tercera Gala de Reconocimiento a la Prensa, celebrada en la sala A\u00edda Bonelly del Teatro Nacional, reuni\u00f3 a decenas de comunicadores, empresarios altruistas y funcionarios.<\/p>\n<p>Entre ellos, estuvo la siempre bien querida Milagros Ortiz Bosch, directora general de \u00c9tica e Integridad Gubernamental.<\/p>\n<p>Sin dudas, se siente muy pl\u00e1cido compartir un escenario con quienes fueron maestros, con quienes fueron condisc\u00edpulos y tambi\u00e9n con quienes fueron disc\u00edpulos en distintas etapas y ahora ya son profesionales.<\/p>\n<p>Esa convivencia intergeneracional es una muestra elocuente de la importancia y la riqueza que encierran la acci\u00f3n del \u201cser\u201d y del \u201chacer\u201d, mucho m\u00e1s all\u00e1 de la del \u201ctener\u201d.<\/p>\n<p>Agradezco a todos mis colegas de distintas generaciones, noveles, intermedios y veteranos, los presentes y a los que se han ido, que han compartido conmigo la pasi\u00f3n por la palabra y el deber de informar.<\/p>\n<p>El reconocimiento lo asumo como un recordatorio de que la comunicaci\u00f3n puede ser un instrumento de transformaci\u00f3n, lo que se demuestra segundo a segundo.<\/p>\n<p>Agradezco a las instituciones que han confiado en esa fuerza y, sobre todo, a la sociedad dominicana, que cada vez exige mayor rigor y sensibilidad a quienes asumieron la responsabilidad de comunicar.<\/p>\n<p>El periodismo, aunque usted no lo crea, no es un espect\u00e1culo, sino conciencia cr\u00edtica y compromiso con la verdad.<\/p>\n<p>Cabe resaltar el papel desempe\u00f1ado por los conductores del evento y la participaci\u00f3n de los colegas Emilia de los Santos, quien tuvo a su cargo la oraci\u00f3n del acto, y de N\u00e9stor Est\u00e9vez, quien habl\u00f3 en nombre de los reconocidos y lo hizo bien, muy bien.<\/p>\n<p>N\u00e9stor habl\u00f3 de posverdad, del tiempo que hoy vive el mundo, pero tambi\u00e9n del compromiso que conlleva la palabra empe\u00f1ada, el ejercicio \u00e9tico y el compromiso inexorable de la comunicaci\u00f3n social de servir siempre a la sociedad.<\/p>\n<p>Porque, como record\u00f3 Gabriel Garc\u00eda M\u00e1rquez, la mejor noticia no es la que se da primero, sino la que se da mejor, lo que significa que debe estar revestida de honestidad, responsabilidad y compromiso, lo que garantiza un servicio de calidad.<\/p>\n<p>No deseo cerrar este art\u00edculo sin expresar la satisfacci\u00f3n por la escogencia del periodista An\u00edbal De Castro, como Premio Nacional de Periodismo 2026, un gran reconocimiento a su calidad, a su entrega y a su dilecta y \u00e9tica carrera profesional. \u00a1Enhorabuena, profesor! Gracias por todo lo que usted ha ense\u00f1ado.<\/p>\n<p>&nbsp;<\/p>\n<p>&nbsp;<\/p>\n<p>&nbsp;<\/p>\n<p>&nbsp;<\/p>\n<p>&nbsp;<\/p>\n","protected":false},"excerpt":{"rendered":"<p>Por PATRICIA ARACHE @patriciarache El periodismo, m\u00e1s que oficio, es vocaci\u00f3n de servicio y se&hellip;<\/p>\n","protected":false},"author":2,"featured_media":63965,"comment_status":"closed","ping_status":"closed","sticky":false,"template":"","format":"standard","meta":{"footnotes":""},"categories":[51,65],"tags":[],"class_list":["post-79466","post","type-post","status-publish","format-standard","has-post-thumbnail","hentry","category-opinion","category-patricia-arache"],"_links":{"self":[{"href":"https:\/\/eldiarioantillano.com\/uno\/wp-json\/wp\/v2\/posts\/79466","targetHints":{"allow":["GET"]}}],"collection":[{"href":"https:\/\/eldiarioantillano.com\/uno\/wp-json\/wp\/v2\/posts"}],"about":[{"href":"https:\/\/eldiarioantillano.com\/uno\/wp-json\/wp\/v2\/types\/post"}],"author":[{"embeddable":true,"href":"https:\/\/eldiarioantillano.com\/uno\/wp-json\/wp\/v2\/users\/2"}],"replies":[{"embeddable":true,"href":"https:\/\/eldiarioantillano.com\/uno\/wp-json\/wp\/v2\/comments?post=79466"}],"version-history":[{"count":3,"href":"https:\/\/eldiarioantillano.com\/uno\/wp-json\/wp\/v2\/posts\/79466\/revisions"}],"predecessor-version":[{"id":79475,"href":"https:\/\/eldiarioantillano.com\/uno\/wp-json\/wp\/v2\/posts\/79466\/revisions\/79475"}],"wp:featuredmedia":[{"embeddable":true,"href":"https:\/\/eldiarioantillano.com\/uno\/wp-json\/wp\/v2\/media\/63965"}],"wp:attachment":[{"href":"https:\/\/eldiarioantillano.com\/uno\/wp-json\/wp\/v2\/media?parent=79466"}],"wp:term":[{"taxonomy":"category","embeddable":true,"href":"https:\/\/eldiarioantillano.com\/uno\/wp-json\/wp\/v2\/categories?post=79466"},{"taxonomy":"post_tag","embeddable":true,"href":"https:\/\/eldiarioantillano.com\/uno\/wp-json\/wp\/v2\/tags?post=79466"}],"curies":[{"name":"wp","href":"https:\/\/api.w.org\/{rel}","templated":true}]}}