{"id":79463,"date":"2026-04-22T00:00:43","date_gmt":"2026-04-22T04:00:43","guid":{"rendered":"https:\/\/eldiarioantillano.com\/uno\/?p=79463"},"modified":"2026-04-21T22:14:46","modified_gmt":"2026-04-22T02:14:46","slug":"renacer-comercial-en-areas-haitianas-indica-cierta-recuperacion","status":"publish","type":"post","link":"https:\/\/eldiarioantillano.com\/uno\/2026\/04\/22\/renacer-comercial-en-areas-haitianas-indica-cierta-recuperacion\/","title":{"rendered":"Renacer comercial en \u00e1reas haitianas indica cierta recuperaci\u00f3n"},"content":{"rendered":"<div class=\"elementor-element elementor-element-41212fa e-flex e-con-boxed e-con e-parent e-lazyloaded\" data-id=\"41212fa\" data-element_type=\"container\" data-e-type=\"container\">\n<div class=\"e-con-inner\">\n<div class=\"elementor-element elementor-element-1379ac8 e-con-full e-flex e-con e-child\" data-id=\"1379ac8\" data-element_type=\"container\" data-e-type=\"container\">\n<div class=\"elementor-element elementor-element-67d10ba elementor-widget elementor-widget-theme-post-title elementor-page-title elementor-widget-heading\" data-id=\"67d10ba\" data-element_type=\"widget\" data-e-type=\"widget\" data-widget_type=\"theme-post-title.default\">\n<div class=\"elementor-widget-container\">\n<p class=\"elementor-heading-title elementor-size-default\"><span style=\"font-family: 'PT Serif', serif; font-size: 14px;\">Puerto Pr\u00edncipe (Prensa Latina) Una cautelosa reactivaci\u00f3n de la actividad comercial en algunas zonas haitianas indica cierta recuperaci\u00f3n mercantil, en medio de la crisis general que enfrenta hoy el pa\u00eds, seg\u00fan un diario local.<\/span><\/p>\n<p>Peque\u00f1as y medianas empresas reabren en \u00e1reas como Lower Delmas en el capitalino departamento Oeste, pese a un clima de seguridad a\u00fan fr\u00e1gil por la violencia de las pandillas armadas que imperan hace a\u00f1os en la naci\u00f3n caribe\u00f1a, a\u00f1adi\u00f3 el peri\u00f3dico <em>Le Nouvelliste<\/em>.<\/p>\n<p>Los comerciantes instalan de forma gradual sus puestos de venta hasta en algunas aceras, mientras cada vez hay m\u00e1s peatones en las calles y plazas, comprendidas ciertas zonas que estuvieron paralizadas durante mucho tiempo, de acuerdo con la publicaci\u00f3n.<\/p>\n<p>La vida parece que regresa \u2014agreg\u00f3\u2014 en determinadas \u00e1reas donde hace apenas unos meses el tr\u00e1fico en carreteras como la de acceso a Delmas apenas se extend\u00eda por algunas v\u00edas, y acceder a ellas era arriesgado por los choques entre polic\u00edas y grupos armados.<\/p>\n<p>Muchos residentes desaparecieron hace alg\u00fan tiempo de esos lugares y toda actividad comercial era pr\u00e1cticamente imposible, mientras que ahora se aprecian nuevas muestras de actividad mercantil en sitios calles desde Delmas 31 hasta el cruce del aeropuerto, explica Le Novelliste.<\/p>\n<p>Algunos grandes comercios tambi\u00e9n vuelven a recibir clientes y puede apreciarse el tr\u00e1fico vehicular, bajo la atenta mirada de guardias de seguridad, mientras vuelven a operar los taxis compartidos (tap-taps) que brindan transporte p\u00fablico.<\/p>\n<p>Los usuarios \u2013describe el diario- transitan por esas rutas con mayor tranquilidad, lejos del temor constante a las balas perdidas que prevalec\u00eda hasta hace poco y ya funcionan entidades como la Oficina Nacional de Seguros.<\/p>\n<p>La actividad de esas instituciones que reinician sus operaciones es a\u00fan limitada, en tanto la Polic\u00eda Nacional mantiene una presencia visible en la mayor parte de ellas.<\/p>\n<p>mem\/apb<\/p>\n<\/div>\n<\/div>\n<\/div>\n<\/div>\n<\/div>\n","protected":false},"excerpt":{"rendered":"<p>Puerto Pr\u00edncipe (Prensa Latina) Una cautelosa reactivaci\u00f3n de la actividad comercial en algunas zonas haitianas&hellip;<\/p>\n","protected":false},"author":2,"featured_media":79464,"comment_status":"closed","ping_status":"closed","sticky":false,"template":"","format":"standard","meta":{"footnotes":""},"categories":[52,53],"tags":[],"class_list":["post-79463","post","type-post","status-publish","format-standard","has-post-thumbnail","hentry","category-internacionales","category-prensa-latina"],"_links":{"self":[{"href":"https:\/\/eldiarioantillano.com\/uno\/wp-json\/wp\/v2\/posts\/79463","targetHints":{"allow":["GET"]}}],"collection":[{"href":"https:\/\/eldiarioantillano.com\/uno\/wp-json\/wp\/v2\/posts"}],"about":[{"href":"https:\/\/eldiarioantillano.com\/uno\/wp-json\/wp\/v2\/types\/post"}],"author":[{"embeddable":true,"href":"https:\/\/eldiarioantillano.com\/uno\/wp-json\/wp\/v2\/users\/2"}],"replies":[{"embeddable":true,"href":"https:\/\/eldiarioantillano.com\/uno\/wp-json\/wp\/v2\/comments?post=79463"}],"version-history":[{"count":1,"href":"https:\/\/eldiarioantillano.com\/uno\/wp-json\/wp\/v2\/posts\/79463\/revisions"}],"predecessor-version":[{"id":79465,"href":"https:\/\/eldiarioantillano.com\/uno\/wp-json\/wp\/v2\/posts\/79463\/revisions\/79465"}],"wp:featuredmedia":[{"embeddable":true,"href":"https:\/\/eldiarioantillano.com\/uno\/wp-json\/wp\/v2\/media\/79464"}],"wp:attachment":[{"href":"https:\/\/eldiarioantillano.com\/uno\/wp-json\/wp\/v2\/media?parent=79463"}],"wp:term":[{"taxonomy":"category","embeddable":true,"href":"https:\/\/eldiarioantillano.com\/uno\/wp-json\/wp\/v2\/categories?post=79463"},{"taxonomy":"post_tag","embeddable":true,"href":"https:\/\/eldiarioantillano.com\/uno\/wp-json\/wp\/v2\/tags?post=79463"}],"curies":[{"name":"wp","href":"https:\/\/api.w.org\/{rel}","templated":true}]}}