{"id":79460,"date":"2026-04-19T12:00:05","date_gmt":"2026-04-19T16:00:05","guid":{"rendered":"https:\/\/eldiarioantillano.com\/uno\/?p=79460"},"modified":"2026-04-20T23:17:57","modified_gmt":"2026-04-21T03:17:57","slug":"recuerdan-asesinato-hace-27-anos-de-david-sanes-en-vieques","status":"publish","type":"post","link":"https:\/\/eldiarioantillano.com\/uno\/2026\/04\/19\/recuerdan-asesinato-hace-27-anos-de-david-sanes-en-vieques\/","title":{"rendered":"Recuerdan asesinato hace 27 a\u00f1os de David Sanes en Vieques"},"content":{"rendered":"<div class=\"elementor-element elementor-element-5a38e61 e-flex e-con-boxed e-con e-child\" data-id=\"5a38e61\" data-element_type=\"container\" data-e-type=\"container\">\n<div class=\"e-con-inner\">\n<div class=\"elementor-element elementor-element-d2a4feb elementor-widget elementor-widget-theme-post-excerpt\" data-id=\"d2a4feb\" data-element_type=\"widget\" data-e-type=\"widget\" data-widget_type=\"theme-post-excerpt.default\">\n<div class=\"elementor-widget-container\">San Juan, 19 abr (Prensa Latina) El dirigente pol\u00edtico Julio Muriente P\u00e9rez record\u00f3 que un d\u00eda como hoy, hace 27 a\u00f1os, muri\u00f3 en Vieques v\u00edctima de bombas lanzadas por un avi\u00f3n de la Armada estadounidense el puertorrique\u00f1o David Sanes Rodr\u00edguez.<\/div>\n<\/div>\n<\/div>\n<\/div>\n<div class=\"e-con-inner\">\n<div class=\"elementor-element elementor-element-0aea3a0 elementor-widget elementor-widget-theme-post-content\" data-id=\"0aea3a0\" data-element_type=\"widget\" data-e-type=\"widget\" data-widget_type=\"theme-post-content.default\">\n<div class=\"elementor-widget-container\">\n<p>El l\u00edder del Movimiento Independentista Nacional Hostosiano (MINH) de Puerto Rico afirm\u00f3 que \u201caquella muerte violenta fue la gota que llen\u00f3 la copa, tras largos a\u00f1os de lucha del pueblo viequense y el puertorrique\u00f1o, por la desmilitarizaci\u00f3n y el fin de los bombardeos en la Isla Nena\u201d.<\/p>\n<p>Muriente P\u00e9rez record\u00f3 que desde principios de 1940 Estados Unidos hab\u00eda convertido a Vieques en campo de tiro, mientras manten\u00eda a su poblaci\u00f3n arrinconada en un \u00e1rea de la isla municipio puertorrique\u00f1a. \u201cEl asesinato de Sanes Rodr\u00edguez fue el punto de partida de una de las luchas sociales m\u00e1s numerosas, envolventes y abarcadoras del pueblo puertorrique\u00f1o, por la paz, contra el militarismo, por la salud, el ambiente y la libertad\u201d, subray\u00f3 el integrante del Comit\u00e9 Ejecutivo del MINH.<\/p>\n<p>Apunt\u00f3 que 27 a\u00f1os despu\u00e9s de que han cesado los bombardeos, pero queda mucho por hacer en Vieques, pues gran parte de las tierras permanecen ocupadas por los federales, la contaminaci\u00f3n prevalece, centenares de bombas sin estallar se mantienen en suelo y mar y, sobre todo, sigue inalterada la precaria situaci\u00f3n econ\u00f3mica y social del pueblo viequense.<\/p>\n<p>Aquella lucha por la paz, agreg\u00f3 Muriente P\u00e9rez, mantiene extraordinaria vigencia, en momentos en que los tambores de guerra suenan por doquier y Puerto Rico vuelve a ser utilizado por el gobierno de Estados Unidos como base de agresi\u00f3n contra otros pueblos hermanos.<\/p>\n<p>\u201cEste 19 de abril, recordamos a David Sanes Rodr\u00edguez y reafirmamos nuestra voluntad de continuar la lucha en favor de la paz, la dignidad y la libertad, en Vieques en particular y en Puerto Rico en general\u201d, estableci\u00f3 el dirigente del MINH al sostener que \u201cante tanta agresi\u00f3n, violencia y muerte, ni perd\u00f3n ni olvido\u201d.<\/p>\n<p>otf\/nrm<\/p>\n<\/div>\n<\/div>\n<div class=\"elementor-element elementor-element-4f75016 elementor-widget elementor-widget-post-info\" data-id=\"4f75016\" data-element_type=\"widget\" data-e-type=\"widget\" data-widget_type=\"post-info.default\">\n<div class=\"elementor-widget-container\">\n<p>&nbsp;<\/p>\n<\/div>\n<\/div>\n<\/div>\n<div class=\"elementor-element elementor-element-80c8584 elementor-mobile-align-left elementor-widget elementor-widget-post-info\" data-id=\"80c8584\" data-element_type=\"widget\" data-e-type=\"widget\" data-widget_type=\"post-info.default\">\n<div class=\"elementor-widget-container\">\n<p>&nbsp;<\/p>\n<\/div>\n<\/div>\n","protected":false},"excerpt":{"rendered":"<p>San Juan, 19 abr (Prensa Latina) El dirigente pol\u00edtico Julio Muriente P\u00e9rez record\u00f3 que un&hellip;<\/p>\n","protected":false},"author":2,"featured_media":67058,"comment_status":"closed","ping_status":"closed","sticky":false,"template":"","format":"standard","meta":{"footnotes":""},"categories":[52,53],"tags":[],"class_list":["post-79460","post","type-post","status-publish","format-standard","has-post-thumbnail","hentry","category-internacionales","category-prensa-latina"],"_links":{"self":[{"href":"https:\/\/eldiarioantillano.com\/uno\/wp-json\/wp\/v2\/posts\/79460","targetHints":{"allow":["GET"]}}],"collection":[{"href":"https:\/\/eldiarioantillano.com\/uno\/wp-json\/wp\/v2\/posts"}],"about":[{"href":"https:\/\/eldiarioantillano.com\/uno\/wp-json\/wp\/v2\/types\/post"}],"author":[{"embeddable":true,"href":"https:\/\/eldiarioantillano.com\/uno\/wp-json\/wp\/v2\/users\/2"}],"replies":[{"embeddable":true,"href":"https:\/\/eldiarioantillano.com\/uno\/wp-json\/wp\/v2\/comments?post=79460"}],"version-history":[{"count":1,"href":"https:\/\/eldiarioantillano.com\/uno\/wp-json\/wp\/v2\/posts\/79460\/revisions"}],"predecessor-version":[{"id":79461,"href":"https:\/\/eldiarioantillano.com\/uno\/wp-json\/wp\/v2\/posts\/79460\/revisions\/79461"}],"wp:featuredmedia":[{"embeddable":true,"href":"https:\/\/eldiarioantillano.com\/uno\/wp-json\/wp\/v2\/media\/67058"}],"wp:attachment":[{"href":"https:\/\/eldiarioantillano.com\/uno\/wp-json\/wp\/v2\/media?parent=79460"}],"wp:term":[{"taxonomy":"category","embeddable":true,"href":"https:\/\/eldiarioantillano.com\/uno\/wp-json\/wp\/v2\/categories?post=79460"},{"taxonomy":"post_tag","embeddable":true,"href":"https:\/\/eldiarioantillano.com\/uno\/wp-json\/wp\/v2\/tags?post=79460"}],"curies":[{"name":"wp","href":"https:\/\/api.w.org\/{rel}","templated":true}]}}