{"id":79425,"date":"2026-04-20T00:00:37","date_gmt":"2026-04-20T04:00:37","guid":{"rendered":"https:\/\/eldiarioantillano.com\/uno\/?p=79425"},"modified":"2026-04-19T14:59:09","modified_gmt":"2026-04-19T18:59:09","slug":"subsecretario-general-de-la-onu-preocupado-por-inseguridad-en-haiti","status":"publish","type":"post","link":"https:\/\/eldiarioantillano.com\/uno\/2026\/04\/20\/subsecretario-general-de-la-onu-preocupado-por-inseguridad-en-haiti\/","title":{"rendered":"Subsecretario General de la ONU preocupado por inseguridad en Hait\u00ed"},"content":{"rendered":"<div class=\"elementor-element elementor-element-5a38e61 e-flex e-con-boxed e-con e-child\" data-id=\"5a38e61\" data-element_type=\"container\" data-e-type=\"container\">\n<div class=\"e-con-inner\">\n<div class=\"elementor-element elementor-element-d2a4feb elementor-widget elementor-widget-theme-post-excerpt\" data-id=\"d2a4feb\" data-element_type=\"widget\" data-e-type=\"widget\" data-widget_type=\"theme-post-excerpt.default\">\n<div class=\"elementor-widget-container\">Puerto Pr\u00edncipe, (Prensa Latina) Gilles Michaud, subsecretario general de seguridad de la ONU, intercambi\u00f3 con el primer ministro de Hait\u00ed, Alix Didier Fils-Aim\u00e9, sobre la crisis nacional por los ataques de pandillas armadas que mantienen hoy paralizado al pa\u00eds.<\/div>\n<\/div>\n<\/div>\n<\/div>\n<div class=\"e-con-inner\">\n<p>La reuni\u00f3n entre ambos l\u00edderes representa un nuevo paso en los esfuerzos del organismo mundial y del gobierno de la naci\u00f3n caribe\u00f1a por \u00abfrenar la violencia de esas pandillas que siembran el terror entre la poblaci\u00f3n\u00bb, a\u00f1ade un comunicado oficial.<\/p>\n<p>\u00abLas conversaciones \u2013subraya la declaraci\u00f3n- se centraron sobre todo en la situaci\u00f3n de seguridad del pa\u00eds, marcada por la proliferaci\u00f3n de las bandas, y recordaron las medidas que deben reforzarse para una respuesta coordinada y eficaz\u00bb.<\/p>\n<p>Seg\u00fan el texto gubernamental, el di\u00e1logo prest\u00f3 especial atenci\u00f3n al papel y al despliegue de la Fuerza de Represi\u00f3n de Pandillas, coordinada por la ONU, sobre las que \u201cse espera intensifiquen sus operaciones en todo el pa\u00eds en los pr\u00f3ximos d\u00edas\u201d.<\/p>\n<p>El Primer Ministro, por su parte reafirm\u00f3 durante el encuentro \u201cla determinaci\u00f3n del ejecutivo por movilizar todos los recursos necesarios para combatir a los grupos armados, restablecer la autoridad estatal y garantizar la seguridad de los ciudadanos\u201d, expresa el comunicado.<\/p>\n<p>Fils-Aim\u00e9 hizo hincapi\u00e9 \u201cen la urgente necesidad de recuperar el control de las carreteras estrat\u00e9gicas ocupadas por los bandidos, condici\u00f3n esencial para la reactivaci\u00f3n de las actividades econ\u00f3micas y sociales del pa\u00eds\u201d.<\/p>\n<p>De acuerdo con la declaraci\u00f3n, \u201cm\u00e1s all\u00e1 de la emergencia de seguridad inmediata, el gobernante reiter\u00f3 el imperativo democr\u00e1tico de celebrar elecciones\u201d.<\/p>\n<p>Fils-Aim\u00e9 expres\u00f3 tambi\u00e9n la necesidad de crear un entorno seguro \u00abque propicie la celebraci\u00f3n lo antes posible de esos comicios, libres, cre\u00edbles e inclusivos, de acuerdo con las aspiraciones del pueblo\u201d.<\/p>\n<p>mem\/apb<\/p>\n<\/div>\n<div class=\"elementor-element elementor-element-80c8584 elementor-mobile-align-left elementor-widget elementor-widget-post-info\" data-id=\"80c8584\" data-element_type=\"widget\" data-e-type=\"widget\" data-widget_type=\"post-info.default\">\n<div class=\"elementor-widget-container\">\n<p>&nbsp;<\/p>\n<\/div>\n<\/div>\n","protected":false},"excerpt":{"rendered":"<p>Puerto Pr\u00edncipe, (Prensa Latina) Gilles Michaud, subsecretario general de seguridad de la ONU, intercambi\u00f3 con&hellip;<\/p>\n","protected":false},"author":2,"featured_media":79426,"comment_status":"closed","ping_status":"closed","sticky":false,"template":"","format":"standard","meta":{"footnotes":""},"categories":[52,53],"tags":[],"class_list":["post-79425","post","type-post","status-publish","format-standard","has-post-thumbnail","hentry","category-internacionales","category-prensa-latina"],"_links":{"self":[{"href":"https:\/\/eldiarioantillano.com\/uno\/wp-json\/wp\/v2\/posts\/79425","targetHints":{"allow":["GET"]}}],"collection":[{"href":"https:\/\/eldiarioantillano.com\/uno\/wp-json\/wp\/v2\/posts"}],"about":[{"href":"https:\/\/eldiarioantillano.com\/uno\/wp-json\/wp\/v2\/types\/post"}],"author":[{"embeddable":true,"href":"https:\/\/eldiarioantillano.com\/uno\/wp-json\/wp\/v2\/users\/2"}],"replies":[{"embeddable":true,"href":"https:\/\/eldiarioantillano.com\/uno\/wp-json\/wp\/v2\/comments?post=79425"}],"version-history":[{"count":1,"href":"https:\/\/eldiarioantillano.com\/uno\/wp-json\/wp\/v2\/posts\/79425\/revisions"}],"predecessor-version":[{"id":79427,"href":"https:\/\/eldiarioantillano.com\/uno\/wp-json\/wp\/v2\/posts\/79425\/revisions\/79427"}],"wp:featuredmedia":[{"embeddable":true,"href":"https:\/\/eldiarioantillano.com\/uno\/wp-json\/wp\/v2\/media\/79426"}],"wp:attachment":[{"href":"https:\/\/eldiarioantillano.com\/uno\/wp-json\/wp\/v2\/media?parent=79425"}],"wp:term":[{"taxonomy":"category","embeddable":true,"href":"https:\/\/eldiarioantillano.com\/uno\/wp-json\/wp\/v2\/categories?post=79425"},{"taxonomy":"post_tag","embeddable":true,"href":"https:\/\/eldiarioantillano.com\/uno\/wp-json\/wp\/v2\/tags?post=79425"}],"curies":[{"name":"wp","href":"https:\/\/api.w.org\/{rel}","templated":true}]}}