{"id":79403,"date":"2026-04-18T20:33:04","date_gmt":"2026-04-19T00:33:04","guid":{"rendered":"https:\/\/eldiarioantillano.com\/uno\/?p=79403"},"modified":"2026-04-19T01:01:50","modified_gmt":"2026-04-19T05:01:50","slug":"galerias-muestran-primeras-exposiciones-de-la-feria-regional-del-libro-cibao-2026","status":"publish","type":"post","link":"https:\/\/eldiarioantillano.com\/uno\/2026\/04\/18\/galerias-muestran-primeras-exposiciones-de-la-feria-regional-del-libro-cibao-2026\/","title":{"rendered":"GALER\u00cdA: Muestran primeras exposiciones de la Feria Regional del Libro Cibao 2026"},"content":{"rendered":"<p>La inauguraci\u00f3n ser\u00e1 este domingo 19 en la noche en el Gran Teatro del Cibao.<\/p>\n","protected":false},"excerpt":{"rendered":"<p>La inauguraci\u00f3n ser\u00e1 este domingo 19 en la noche en el Gran Teatro del Cibao.<\/p>\n","protected":false},"author":2,"featured_media":79404,"comment_status":"closed","ping_status":"closed","sticky":false,"template":"","format":"gallery","meta":{"footnotes":""},"categories":[63,57],"tags":[],"class_list":["post-79403","post","type-post","status-publish","format-gallery","has-post-thumbnail","hentry","category-cultura","category-montecristi","post_format-post-format-gallery"],"_links":{"self":[{"href":"https:\/\/eldiarioantillano.com\/uno\/wp-json\/wp\/v2\/posts\/79403","targetHints":{"allow":["GET"]}}],"collection":[{"href":"https:\/\/eldiarioantillano.com\/uno\/wp-json\/wp\/v2\/posts"}],"about":[{"href":"https:\/\/eldiarioantillano.com\/uno\/wp-json\/wp\/v2\/types\/post"}],"author":[{"embeddable":true,"href":"https:\/\/eldiarioantillano.com\/uno\/wp-json\/wp\/v2\/users\/2"}],"replies":[{"embeddable":true,"href":"https:\/\/eldiarioantillano.com\/uno\/wp-json\/wp\/v2\/comments?post=79403"}],"version-history":[{"count":3,"href":"https:\/\/eldiarioantillano.com\/uno\/wp-json\/wp\/v2\/posts\/79403\/revisions"}],"predecessor-version":[{"id":79418,"href":"https:\/\/eldiarioantillano.com\/uno\/wp-json\/wp\/v2\/posts\/79403\/revisions\/79418"}],"wp:featuredmedia":[{"embeddable":true,"href":"https:\/\/eldiarioantillano.com\/uno\/wp-json\/wp\/v2\/media\/79404"}],"wp:attachment":[{"href":"https:\/\/eldiarioantillano.com\/uno\/wp-json\/wp\/v2\/media?parent=79403"}],"wp:term":[{"taxonomy":"category","embeddable":true,"href":"https:\/\/eldiarioantillano.com\/uno\/wp-json\/wp\/v2\/categories?post=79403"},{"taxonomy":"post_tag","embeddable":true,"href":"https:\/\/eldiarioantillano.com\/uno\/wp-json\/wp\/v2\/tags?post=79403"}],"curies":[{"name":"wp","href":"https:\/\/api.w.org\/{rel}","templated":true}]}}