{"id":79397,"date":"2026-04-18T20:25:46","date_gmt":"2026-04-19T00:25:46","guid":{"rendered":"https:\/\/eldiarioantillano.com\/uno\/?p=79397"},"modified":"2026-04-18T20:25:46","modified_gmt":"2026-04-19T00:25:46","slug":"declaracion-contra-intervencion-militar-en-cuba-propone-mexico","status":"publish","type":"post","link":"https:\/\/eldiarioantillano.com\/uno\/2026\/04\/18\/declaracion-contra-intervencion-militar-en-cuba-propone-mexico\/","title":{"rendered":"Declaraci\u00f3n contra intervenci\u00f3n militar en Cuba: propone M\u00e9xico"},"content":{"rendered":"<div class=\"elementor-element elementor-element-5a38e61 e-flex e-con-boxed e-con e-child\" data-id=\"5a38e61\" data-element_type=\"container\" data-e-type=\"container\">\n<div class=\"e-con-inner\">\n<div class=\"elementor-element elementor-element-d2a4feb elementor-widget elementor-widget-theme-post-excerpt\" data-id=\"d2a4feb\" data-element_type=\"widget\" data-e-type=\"widget\" data-widget_type=\"theme-post-excerpt.default\">\n<div class=\"elementor-widget-container\">Barcelona, 18 abr (Prensa Latina) La presidenta de M\u00e9xico, Claudia Sheinbaum, propuso hoy una declaraci\u00f3n en contra de la intervenci\u00f3n militar en Cuba, durante su discurso en la IV Cumbre en Defensa de la Democracia.<\/div>\n<\/div>\n<div>\n<p>En el evento, que forma parte de la iniciativa Global Progressive Mobilisation (GPM) que se desarrolla en Barcelona, Sheinbaum defendi\u00f3 con vehemencia la independencia y soberan\u00eda de Cuba.<\/p>\n<p>\u00abQuiero proponer una declaraci\u00f3n en contra de la intervenci\u00f3n militar en Cuba. Que el di\u00e1logo y la paz prevalezcan\u00bb, recalc\u00f3 en la cita en la que participan el jefe del Gobierno espa\u00f1ol, Pedro S\u00e1nchez, y los presidentes de Brasil, Luiz In\u00e1cio Lula da Silva; Colombia, Gustavo Petro, y Uruguay, Yamad\u00fa Orsi, entre otros.<\/p>\n<p>Al profundizar en la argumentaci\u00f3n de su iniciativa, Sheinbaum record\u00f3 que M\u00e9xico \u00abha sabido sostener sus principios incluso en soledad\u00bb y \u00abalz\u00f3 la voz contra el bloqueo a Cuba en 1962 cuando otros guardaron silencio\u00bb.<\/p>\n<p>\u00abHasta la fecha creemos, hablando de esa peque\u00f1a isla del Caribe, que ning\u00fan pueblo es peque\u00f1o, sino grande y estoico cuando defiende su soberan\u00eda y el derecho a la vida plena\u00bb, sentenci\u00f3.<\/p>\n<p>Aprovech\u00f3 para refrendar el orgullo que acompa\u00f1a a algunos hitos de la historia mexicana, como la elecci\u00f3n en 2024 de la primera mujer presidenta, y los principios constitucionales indeclinables de M\u00e9xico en pol\u00edtica exterior, hoy \u00abest\u00e1n m\u00e1s vivos que nunca\u00bb en el escenario mundial.<\/p>\n<p>\u00abEn vez de sembrar guerra, sembremos paz, sembremos vida\u00bb, precis\u00f3 al contrastar la necesidad, como ya se propuso en el G20, de \u00abdestinar el 10 por ciento del gasto mundial en armamento\u201d, para impulsar un programa global que permita a millones de personas reforestar millones de hect\u00e1reas cada a\u00f1o\u00bb.<\/p>\n<p>mem\/ft<\/p>\n<\/div>\n<\/div>\n<\/div>\n","protected":false},"excerpt":{"rendered":"<p>Barcelona, 18 abr (Prensa Latina) La presidenta de M\u00e9xico, Claudia Sheinbaum, propuso hoy una declaraci\u00f3n&hellip;<\/p>\n","protected":false},"author":2,"featured_media":79398,"comment_status":"closed","ping_status":"closed","sticky":false,"template":"","format":"standard","meta":{"footnotes":""},"categories":[52,53],"tags":[],"class_list":["post-79397","post","type-post","status-publish","format-standard","has-post-thumbnail","hentry","category-internacionales","category-prensa-latina"],"_links":{"self":[{"href":"https:\/\/eldiarioantillano.com\/uno\/wp-json\/wp\/v2\/posts\/79397","targetHints":{"allow":["GET"]}}],"collection":[{"href":"https:\/\/eldiarioantillano.com\/uno\/wp-json\/wp\/v2\/posts"}],"about":[{"href":"https:\/\/eldiarioantillano.com\/uno\/wp-json\/wp\/v2\/types\/post"}],"author":[{"embeddable":true,"href":"https:\/\/eldiarioantillano.com\/uno\/wp-json\/wp\/v2\/users\/2"}],"replies":[{"embeddable":true,"href":"https:\/\/eldiarioantillano.com\/uno\/wp-json\/wp\/v2\/comments?post=79397"}],"version-history":[{"count":1,"href":"https:\/\/eldiarioantillano.com\/uno\/wp-json\/wp\/v2\/posts\/79397\/revisions"}],"predecessor-version":[{"id":79399,"href":"https:\/\/eldiarioantillano.com\/uno\/wp-json\/wp\/v2\/posts\/79397\/revisions\/79399"}],"wp:featuredmedia":[{"embeddable":true,"href":"https:\/\/eldiarioantillano.com\/uno\/wp-json\/wp\/v2\/media\/79398"}],"wp:attachment":[{"href":"https:\/\/eldiarioantillano.com\/uno\/wp-json\/wp\/v2\/media?parent=79397"}],"wp:term":[{"taxonomy":"category","embeddable":true,"href":"https:\/\/eldiarioantillano.com\/uno\/wp-json\/wp\/v2\/categories?post=79397"},{"taxonomy":"post_tag","embeddable":true,"href":"https:\/\/eldiarioantillano.com\/uno\/wp-json\/wp\/v2\/tags?post=79397"}],"curies":[{"name":"wp","href":"https:\/\/api.w.org\/{rel}","templated":true}]}}