{"id":79049,"date":"2026-04-06T00:00:53","date_gmt":"2026-04-06T04:00:53","guid":{"rendered":"https:\/\/eldiarioantillano.com\/uno\/?p=79049"},"modified":"2026-04-05T21:53:42","modified_gmt":"2026-04-06T01:53:42","slug":"iran-critica-postura-del-oiea-tras-ataque-a-central-nuclear","status":"publish","type":"post","link":"https:\/\/eldiarioantillano.com\/uno\/2026\/04\/06\/iran-critica-postura-del-oiea-tras-ataque-a-central-nuclear\/","title":{"rendered":"Ir\u00e1n critica postura del OIEA tras ataque a central nuclear"},"content":{"rendered":"<div class=\"elementor-element elementor-element-5a38e61 e-flex e-con-boxed e-con e-child\" data-id=\"5a38e61\" data-element_type=\"container\" data-e-type=\"container\">\n<div class=\"e-con-inner\">\n<div class=\"elementor-element elementor-element-d2a4feb elementor-widget elementor-widget-theme-post-excerpt\" data-id=\"d2a4feb\" data-element_type=\"widget\" data-e-type=\"widget\" data-widget_type=\"theme-post-excerpt.default\">\n<div class=\"elementor-widget-container\">Teher\u00e1n, 5 abr (Prensa Latina) La Organizaci\u00f3n de Energ\u00eda At\u00f3mica de Ir\u00e1n (OEAI) critic\u00f3 hoy la postura del Organismo Internacional de Energ\u00eda At\u00f3mica (OIEA) respecto a los ataques contra instalaciones nucleares iran\u00edes, en particular la central de Bushehr.<\/div>\n<\/div>\n<\/div>\n<\/div>\n<div class=\"elementor-element elementor-element-f5ec5bf e-flex e-con-boxed e-con e-child\" data-id=\"f5ec5bf\" data-element_type=\"container\" data-e-type=\"container\">\n<div class=\"e-con-inner\"><\/div>\n<\/div>\n<div class=\"elementor-element elementor-element-80c8584 elementor-mobile-align-left elementor-widget elementor-widget-post-info\" data-id=\"80c8584\" data-element_type=\"widget\" data-e-type=\"widget\" data-widget_type=\"post-info.default\">\n<div class=\"elementor-widget-container\"><\/div>\n<\/div>\n<div class=\"elementor-element elementor-element-0aea3a0 elementor-widget elementor-widget-theme-post-content\" data-id=\"0aea3a0\" data-element_type=\"widget\" data-e-type=\"widget\" data-widget_type=\"theme-post-content.default\">\n<div class=\"elementor-widget-container\">\n<div class=\"ss-inline-share-wrapper ss-left-inline-content ss-small-icons ss-with-spacing ss-circle-icons ss-without-labels\">\n<div class=\"ss-inline-share-content\">\n<p>En un mensaje difundido en la red social X, la entidad iran\u00ed cuestion\u00f3 la reacci\u00f3n del organismo internacional ante el bombardeo de instalaciones nucleares, al considerar insuficiente expresar \u201cprofunda preocupaci\u00f3n\u201d frente a este tipo de hechos.<\/p>\n<\/div>\n<\/div>\n<p>La OEAI subray\u00f3 que los ataques contra centrales nucleares constituyen \u201ccr\u00edmenes de guerra\u201d y advirti\u00f3 que minimizar su gravedad mediante posturas que calific\u00f3 de pasivas podr\u00eda alentar a los responsables de dichas acciones.<\/p>\n<p>La central nuclear de Bushehr fue atacada la v\u00edspera, en lo que constituye el cuarto incidente de este tipo desde el inicio de las operaciones militares estadounidenses e israel\u00edes contra Ir\u00e1n el pasado 28 de febrero.<\/p>\n<p>Por su parte, el OIEA llam\u00f3 a la moderaci\u00f3n tras los ataques y su director general, Rafael Mariano Grossi, expres\u00f3 su preocupaci\u00f3n por lo ocurrido en la instalaci\u00f3n situada en el sur del pa\u00eds.<\/p>\n<p>Desde finales de febrero, la confrontaci\u00f3n entre Ir\u00e1n, Estados Unidos e Israel se ha intensificado, con intercambios de ataques que han dejado miles de muertos y heridos.<\/p>\n<p>Teher\u00e1n tambi\u00e9n ha lanzado misiles y drones contra Israel y objetivos que considera vinculados a intereses estadounidenses en la regi\u00f3n, algunos de los cuales han provocado v\u00edctimas y da\u00f1os en infraestructuras civiles, hechos condenados por los pa\u00edses afectados.<\/p>\n<p>En este contexto, Ir\u00e1n sostiene que su programa nuclear tiene fines pac\u00edficos, mientras Washington y Tel Aviv lo acusan de desarrollar capacidades con potencial militar.<\/p>\n<p>oda\/fm<\/p>\n<\/div>\n<\/div>\n","protected":false},"excerpt":{"rendered":"<p>Teher\u00e1n, 5 abr (Prensa Latina) La Organizaci\u00f3n de Energ\u00eda At\u00f3mica de Ir\u00e1n (OEAI) critic\u00f3 hoy&hellip;<\/p>\n","protected":false},"author":2,"featured_media":79050,"comment_status":"closed","ping_status":"closed","sticky":false,"template":"","format":"standard","meta":{"footnotes":""},"categories":[52,53],"tags":[],"class_list":["post-79049","post","type-post","status-publish","format-standard","has-post-thumbnail","hentry","category-internacionales","category-prensa-latina"],"_links":{"self":[{"href":"https:\/\/eldiarioantillano.com\/uno\/wp-json\/wp\/v2\/posts\/79049","targetHints":{"allow":["GET"]}}],"collection":[{"href":"https:\/\/eldiarioantillano.com\/uno\/wp-json\/wp\/v2\/posts"}],"about":[{"href":"https:\/\/eldiarioantillano.com\/uno\/wp-json\/wp\/v2\/types\/post"}],"author":[{"embeddable":true,"href":"https:\/\/eldiarioantillano.com\/uno\/wp-json\/wp\/v2\/users\/2"}],"replies":[{"embeddable":true,"href":"https:\/\/eldiarioantillano.com\/uno\/wp-json\/wp\/v2\/comments?post=79049"}],"version-history":[{"count":1,"href":"https:\/\/eldiarioantillano.com\/uno\/wp-json\/wp\/v2\/posts\/79049\/revisions"}],"predecessor-version":[{"id":79052,"href":"https:\/\/eldiarioantillano.com\/uno\/wp-json\/wp\/v2\/posts\/79049\/revisions\/79052"}],"wp:featuredmedia":[{"embeddable":true,"href":"https:\/\/eldiarioantillano.com\/uno\/wp-json\/wp\/v2\/media\/79050"}],"wp:attachment":[{"href":"https:\/\/eldiarioantillano.com\/uno\/wp-json\/wp\/v2\/media?parent=79049"}],"wp:term":[{"taxonomy":"category","embeddable":true,"href":"https:\/\/eldiarioantillano.com\/uno\/wp-json\/wp\/v2\/categories?post=79049"},{"taxonomy":"post_tag","embeddable":true,"href":"https:\/\/eldiarioantillano.com\/uno\/wp-json\/wp\/v2\/tags?post=79049"}],"curies":[{"name":"wp","href":"https:\/\/api.w.org\/{rel}","templated":true}]}}