{"id":78558,"date":"2026-03-14T00:00:41","date_gmt":"2026-03-14T04:00:41","guid":{"rendered":"https:\/\/eldiarioantillano.com\/uno\/?p=78558"},"modified":"2026-03-13T22:12:23","modified_gmt":"2026-03-14T02:12:23","slug":"recuerdan-55-aniversario-sangriento-en-universidad-de-puerto-rico","status":"publish","type":"post","link":"https:\/\/eldiarioantillano.com\/uno\/2026\/03\/14\/recuerdan-55-aniversario-sangriento-en-universidad-de-puerto-rico\/","title":{"rendered":"Recuerdan 55 aniversario sangriento en Universidad de Puerto Rico"},"content":{"rendered":"<p>San Juan, \u00a0(Prensa Latina) El dirigente izquierdista Julio Muriente P\u00e9rez record\u00f3 el aniversario 55 de los estremecedores sucesos acaecidos en la Universidad de Puerto Rico (UPR) en el campus de R\u00edo Piedras.<\/p>\n<p>\u201cEran los a\u00f1os de la agresi\u00f3n de Estados Unidos contra Vietnam y el sudeste asi\u00e1tico (y) la ley del servicio militar obligatorio se impon\u00eda sobre la juventud puertorrique\u00f1a, por lo que cientos de nuestros j\u00f3venes eran obligados a ir a la guerra. Muchos regresaban muertos o heridos; muchos otros nos neg\u00e1bamos a acatar aquella ley imperial\u201d, record\u00f3 el actual catedr\u00e1tico de la instituci\u00f3n.<\/p>\n<p>La Universidad de Puerto Rico, relat\u00f3, se hab\u00eda transformado hac\u00eda a\u00f1os en un escenario principal de la lucha antimilitarista, particularmente contra la presencia en sus diversos recintos del Cuerpo de Entrenamiento de Oficiales de Reserva (ROTC, siglas en ingl\u00e9s), rama de las fuerzas armadas estadounidenses.<\/p>\n<p>Muriente P\u00e9rez, quien fue expulsado entonces de la UPR por su activismo con la Federaci\u00f3n Universitaria de Estudiantes Independentistas (FUPI), apunt\u00f3 que el anexionista Partido Nuevo Progresista (PNP) hab\u00eda ganado las elecciones generales de 1968.<\/p>\n<p>\u201cLa Universidad fue tomada como bot\u00edn de guerra por la administraci\u00f3n colonial-anexionista, que era partidaria entusiasta del militarismo estadounidense y de la guerra. El clima general en la UPR se hab\u00eda recrudecido desde que el 4 de marzo de 1970, un a\u00f1o antes, la polic\u00eda puertorrique\u00f1a asesinara a la estudiante Antonia Mart\u00ednez Lagares\u201d, refiri\u00f3.<\/p>\n<p>El actual dirigente del Movimiento Independentista Nacional Hostosiano (MINH) expres\u00f3 que lo que se inici\u00f3 como uno de tantos enfrentamientos entre estudiantes y cadetes del ROTC la ma\u00f1ana del 11 de marzo de 1971, fue creciendo en intensidad, cuando la administraci\u00f3n universitaria lanz\u00f3 contra los estudiantes a la Guardia Universitaria.<\/p>\n<p>\u201cMiles de alumnos y alumnas se hab\u00edan movilizado en el campus universitario cuando sorpresivamente aparecieron por todas las entradas del recinto decenas de miembros de la Fuerza de Choque de la Polic\u00eda, con armas en mano, disparando contra los estudiantes\u201d, narr\u00f3.<\/p>\n<p>La entrada de ese cuerpo represivo hab\u00eda sido solicitada por la administraci\u00f3n del recinto, sin duda con el visto bueno de La Fortaleza, sede del ejecutivo, cuando presid\u00eda la UPR Amador Cobas y el rector del campus de R\u00edo Piedras lo era Pedro Jos\u00e9 Rivera, ambos impuestos por el PNP.<\/p>\n<p>Muriente P\u00e9rez asegur\u00f3 que entre la multitud hab\u00eda personas armadas que enfrentaron a la Fuerza de Choque e hirieron de muerte al jefe de ese organismo represivo, coronel Juan Birino Mercado, y al sargento Miguel Rosario Rond\u00f3n.<\/p>\n<p>\u201cTambi\u00e9n falleci\u00f3 el cadete del ROTC Jacinto Guti\u00e9rrez, mientras decenas de estudiantes fueron heridos por los disparos y macanazos de la Polic\u00eda\u201d, dijo al sostener que el caos se apoder\u00f3 de la UPR y de toda la Ciudad Universitaria en R\u00edo Piedras.<\/p>\n<p>El recinto fue ocupado por la Polic\u00eda, en tanto que sectores de extrema derecha, particularmente exiliados cubanos, se lanzaron a la calle a destruir propiedades de independentistas.<\/p>\n<p>La UPR permaneci\u00f3 tomada por la Polic\u00eda por espacio de un mes y al reabrirse se descubri\u00f3 que numerosas instalaciones de los consejos de estudiantes y oficinas claustrales hab\u00edan sido destruidas.<\/p>\n<p>\u201cProliferaban por todas partes verjas alambradas y postas; el recinto hab\u00eda sido convertido en un campo de concentraci\u00f3n y decenas de estudiantes fueron suspendidos sumariamente por la administraci\u00f3n universitaria\u201d, subray\u00f3.<\/p>\n<p>La administraci\u00f3n universitaria y sus jefes en el gobierno central, fueron los responsables principales de lo que aconteci\u00f3 aquel 11 de marzo, al promover entonces y desde mucho tiempo antes, un clima de intolerancia y represi\u00f3n ante las demandas estudiantiles; lanzando a la Guardia Universitaria, primero y a la Fuerza de Choque despu\u00e9s, contra miles de estudiantes, con la intenci\u00f3n expresa de infringir da\u00f1o de manera indiscriminada y brutal, resumi\u00f3 Muriente P\u00e9rez.<\/p>\n<p>Poco despu\u00e9s, las instalaciones del ROTC fueron reubicadas fuera del recinto de R\u00edo Piedras de la UPR.<\/p>\n<p>\u201cHan pasado 55 a\u00f1os desde entonces, pero se mantiene en el recuerdo aquel d\u00eda cargado de violencia y de lucha, de reclamos e intolerancia. Es una experiencia que<\/p>\n<p>debiera servirnos como una gran lecci\u00f3n; una experiencia que no debemos olvidar\u201d, resumi\u00f3 el actual catedr\u00e1tico.<\/p>\n<p>ro\/nrm<\/p>\n<p>&nbsp;<\/p>\n","protected":false},"excerpt":{"rendered":"<p>San Juan, \u00a0(Prensa Latina) El dirigente izquierdista Julio Muriente P\u00e9rez record\u00f3 el aniversario 55 de&hellip;<\/p>\n","protected":false},"author":2,"featured_media":78556,"comment_status":"closed","ping_status":"closed","sticky":false,"template":"","format":"standard","meta":{"footnotes":""},"categories":[52,53],"tags":[],"class_list":["post-78558","post","type-post","status-publish","format-standard","has-post-thumbnail","hentry","category-internacionales","category-prensa-latina"],"_links":{"self":[{"href":"https:\/\/eldiarioantillano.com\/uno\/wp-json\/wp\/v2\/posts\/78558","targetHints":{"allow":["GET"]}}],"collection":[{"href":"https:\/\/eldiarioantillano.com\/uno\/wp-json\/wp\/v2\/posts"}],"about":[{"href":"https:\/\/eldiarioantillano.com\/uno\/wp-json\/wp\/v2\/types\/post"}],"author":[{"embeddable":true,"href":"https:\/\/eldiarioantillano.com\/uno\/wp-json\/wp\/v2\/users\/2"}],"replies":[{"embeddable":true,"href":"https:\/\/eldiarioantillano.com\/uno\/wp-json\/wp\/v2\/comments?post=78558"}],"version-history":[{"count":1,"href":"https:\/\/eldiarioantillano.com\/uno\/wp-json\/wp\/v2\/posts\/78558\/revisions"}],"predecessor-version":[{"id":78559,"href":"https:\/\/eldiarioantillano.com\/uno\/wp-json\/wp\/v2\/posts\/78558\/revisions\/78559"}],"wp:featuredmedia":[{"embeddable":true,"href":"https:\/\/eldiarioantillano.com\/uno\/wp-json\/wp\/v2\/media\/78556"}],"wp:attachment":[{"href":"https:\/\/eldiarioantillano.com\/uno\/wp-json\/wp\/v2\/media?parent=78558"}],"wp:term":[{"taxonomy":"category","embeddable":true,"href":"https:\/\/eldiarioantillano.com\/uno\/wp-json\/wp\/v2\/categories?post=78558"},{"taxonomy":"post_tag","embeddable":true,"href":"https:\/\/eldiarioantillano.com\/uno\/wp-json\/wp\/v2\/tags?post=78558"}],"curies":[{"name":"wp","href":"https:\/\/api.w.org\/{rel}","templated":true}]}}