{"id":78542,"date":"2026-03-13T00:00:39","date_gmt":"2026-03-13T04:00:39","guid":{"rendered":"https:\/\/eldiarioantillano.com\/uno\/?p=78542"},"modified":"2026-03-12T22:21:57","modified_gmt":"2026-03-13T02:21:57","slug":"ministerio-haitiano-de-planificacion-recibira-apoyo-del-pnud","status":"publish","type":"post","link":"https:\/\/eldiarioantillano.com\/uno\/2026\/03\/13\/ministerio-haitiano-de-planificacion-recibira-apoyo-del-pnud\/","title":{"rendered":"Ministerio haitiano de Planificaci\u00f3n recibir\u00e1 apoyo del PNUD"},"content":{"rendered":"<div class=\"elementor-element elementor-element-41212fa e-flex e-con-boxed e-con e-parent e-lazyloaded\" data-id=\"41212fa\" data-element_type=\"container\">\n<div class=\"e-con-inner\">\n<div class=\"elementor-element elementor-element-1379ac8 e-con-full e-flex e-con e-child\" data-id=\"1379ac8\" data-element_type=\"container\">\n<div class=\"elementor-element elementor-element-67d10ba elementor-widget elementor-widget-theme-post-title elementor-page-title elementor-widget-heading\" data-id=\"67d10ba\" data-element_type=\"widget\" data-widget_type=\"theme-post-title.default\">\n<div class=\"elementor-widget-container\">\n<p class=\"elementor-heading-title elementor-size-default\"><span style=\"font-family: 'PT Serif', serif; font-size: 14px;\">Puerto Pr\u00edncipe (Prensa Latina) La ministra haitiana de Planificaci\u00f3n y Cooperaci\u00f3n Externa (MPCE) de Hait\u00ed, Sandra Paulemon, intercambi\u00f3 sobre asistencia al pa\u00eds en esa materia con el representante residente aqu\u00ed del Programa de las Naciones Unidas para el Desarrollo (PNUD), Xavier Michon.<\/span><\/p>\n<p>Las conversaciones giraron sobre el fortalecimiento de las instituciones de esa cartera en la naci\u00f3n caribe\u00f1a y alrededor de un proyecto nacional de capacitaci\u00f3n para profesiones digitales, seg\u00fan un comunicado oficial, citado por el peri\u00f3dico Gazzette Haiti.<\/p>\n<p>El encuentro permiti\u00f3 a ambos funcionarios abordar, en general, temas relacionados con el fortalecimiento de la cooperaci\u00f3n entre la agencia de la ONU y el Ministerio haitiano.<\/p>\n<p>Las conversaciones precisaron iniciativas concretas para fortalecer la capacidad institucional del MPCE y modernizar los sistemas de gesti\u00f3n de esa cartera.<\/p>\n<p>Los funcionarios tambi\u00e9n abordaron un proyecto liderado por el MPCE en colaboraci\u00f3n con la Universidad Tecnol\u00f3gica de Hait\u00ed y la canadiense Universidad de Quebec en Chicoutimi.<\/p>\n<p>rc\/apb<\/p>\n<\/div>\n<\/div>\n<\/div>\n<\/div>\n<\/div>\n","protected":false},"excerpt":{"rendered":"<p>Puerto Pr\u00edncipe (Prensa Latina) La ministra haitiana de Planificaci\u00f3n y Cooperaci\u00f3n Externa (MPCE) de Hait\u00ed,&hellip;<\/p>\n","protected":false},"author":2,"featured_media":78543,"comment_status":"closed","ping_status":"closed","sticky":false,"template":"","format":"standard","meta":{"footnotes":""},"categories":[52,53],"tags":[],"class_list":["post-78542","post","type-post","status-publish","format-standard","has-post-thumbnail","hentry","category-internacionales","category-prensa-latina"],"_links":{"self":[{"href":"https:\/\/eldiarioantillano.com\/uno\/wp-json\/wp\/v2\/posts\/78542","targetHints":{"allow":["GET"]}}],"collection":[{"href":"https:\/\/eldiarioantillano.com\/uno\/wp-json\/wp\/v2\/posts"}],"about":[{"href":"https:\/\/eldiarioantillano.com\/uno\/wp-json\/wp\/v2\/types\/post"}],"author":[{"embeddable":true,"href":"https:\/\/eldiarioantillano.com\/uno\/wp-json\/wp\/v2\/users\/2"}],"replies":[{"embeddable":true,"href":"https:\/\/eldiarioantillano.com\/uno\/wp-json\/wp\/v2\/comments?post=78542"}],"version-history":[{"count":1,"href":"https:\/\/eldiarioantillano.com\/uno\/wp-json\/wp\/v2\/posts\/78542\/revisions"}],"predecessor-version":[{"id":78544,"href":"https:\/\/eldiarioantillano.com\/uno\/wp-json\/wp\/v2\/posts\/78542\/revisions\/78544"}],"wp:featuredmedia":[{"embeddable":true,"href":"https:\/\/eldiarioantillano.com\/uno\/wp-json\/wp\/v2\/media\/78543"}],"wp:attachment":[{"href":"https:\/\/eldiarioantillano.com\/uno\/wp-json\/wp\/v2\/media?parent=78542"}],"wp:term":[{"taxonomy":"category","embeddable":true,"href":"https:\/\/eldiarioantillano.com\/uno\/wp-json\/wp\/v2\/categories?post=78542"},{"taxonomy":"post_tag","embeddable":true,"href":"https:\/\/eldiarioantillano.com\/uno\/wp-json\/wp\/v2\/tags?post=78542"}],"curies":[{"name":"wp","href":"https:\/\/api.w.org\/{rel}","templated":true}]}}