{"id":78525,"date":"2026-03-12T00:10:14","date_gmt":"2026-03-12T04:10:14","guid":{"rendered":"https:\/\/eldiarioantillano.com\/uno\/?p=78525"},"modified":"2026-03-12T00:10:30","modified_gmt":"2026-03-12T04:10:30","slug":"exsenador-plantea-rehabilitacion-de-abinader-y-danilo-medina-para-el-28","status":"publish","type":"post","link":"https:\/\/eldiarioantillano.com\/uno\/2026\/03\/12\/exsenador-plantea-rehabilitacion-de-abinader-y-danilo-medina-para-el-28\/","title":{"rendered":"Exsenador plantea rehabilitaci\u00f3n de Abinader y Danilo Medina para el 28"},"content":{"rendered":"<p>Adriano S\u00e1nchez Roa, dirigente del Partido de la Liberaci\u00f3n Dominicana, dijo que el presidente Luis Abinader ser\u00eda el mejor candidato del PRM, pero \u00e9l cree que Medina ganar\u00eda esas elecciones.<\/p>\n","protected":false},"excerpt":{"rendered":"<p>Adriano S\u00e1nchez Roa, dirigente del Partido de la Liberaci\u00f3n Dominicana, dijo que el presidente Luis&hellip;<\/p>\n","protected":false},"author":2,"featured_media":78526,"comment_status":"closed","ping_status":"closed","sticky":false,"template":"","format":"gallery","meta":{"footnotes":""},"categories":[55],"tags":[],"class_list":["post-78525","post","type-post","status-publish","format-gallery","has-post-thumbnail","hentry","category-nacionales","post_format-post-format-gallery"],"_links":{"self":[{"href":"https:\/\/eldiarioantillano.com\/uno\/wp-json\/wp\/v2\/posts\/78525","targetHints":{"allow":["GET"]}}],"collection":[{"href":"https:\/\/eldiarioantillano.com\/uno\/wp-json\/wp\/v2\/posts"}],"about":[{"href":"https:\/\/eldiarioantillano.com\/uno\/wp-json\/wp\/v2\/types\/post"}],"author":[{"embeddable":true,"href":"https:\/\/eldiarioantillano.com\/uno\/wp-json\/wp\/v2\/users\/2"}],"replies":[{"embeddable":true,"href":"https:\/\/eldiarioantillano.com\/uno\/wp-json\/wp\/v2\/comments?post=78525"}],"version-history":[{"count":1,"href":"https:\/\/eldiarioantillano.com\/uno\/wp-json\/wp\/v2\/posts\/78525\/revisions"}],"predecessor-version":[{"id":78528,"href":"https:\/\/eldiarioantillano.com\/uno\/wp-json\/wp\/v2\/posts\/78525\/revisions\/78528"}],"wp:featuredmedia":[{"embeddable":true,"href":"https:\/\/eldiarioantillano.com\/uno\/wp-json\/wp\/v2\/media\/78526"}],"wp:attachment":[{"href":"https:\/\/eldiarioantillano.com\/uno\/wp-json\/wp\/v2\/media?parent=78525"}],"wp:term":[{"taxonomy":"category","embeddable":true,"href":"https:\/\/eldiarioantillano.com\/uno\/wp-json\/wp\/v2\/categories?post=78525"},{"taxonomy":"post_tag","embeddable":true,"href":"https:\/\/eldiarioantillano.com\/uno\/wp-json\/wp\/v2\/tags?post=78525"}],"curies":[{"name":"wp","href":"https:\/\/api.w.org\/{rel}","templated":true}]}}