{"id":78520,"date":"2026-03-12T00:00:08","date_gmt":"2026-03-12T04:00:08","guid":{"rendered":"https:\/\/eldiarioantillano.com\/uno\/?p=78520"},"modified":"2026-03-12T00:00:08","modified_gmt":"2026-03-12T04:00:08","slug":"consejo-electoral-haitiano-prepara-a-personal-para-comicios-de-agosto","status":"publish","type":"post","link":"https:\/\/eldiarioantillano.com\/uno\/2026\/03\/12\/consejo-electoral-haitiano-prepara-a-personal-para-comicios-de-agosto\/","title":{"rendered":"Consejo electoral haitiano prepara a personal para comicios de agosto"},"content":{"rendered":"<div class=\"elementor-element elementor-element-41212fa e-flex e-con-boxed e-con e-parent e-lazyloaded\" data-id=\"41212fa\" data-element_type=\"container\">\n<div class=\"e-con-inner\">\n<div class=\"elementor-element elementor-element-1379ac8 e-con-full e-flex e-con e-child\" data-id=\"1379ac8\" data-element_type=\"container\">\n<div class=\"elementor-element elementor-element-67d10ba elementor-widget elementor-widget-theme-post-title elementor-page-title elementor-widget-heading\" data-id=\"67d10ba\" data-element_type=\"widget\" data-widget_type=\"theme-post-title.default\">\n<div class=\"elementor-widget-container\">\n<p class=\"elementor-heading-title elementor-size-default\"><span style=\"font-family: 'PT Serif', serif; font-size: 14px;\">Puerto Pr\u00edncipe (Prensa Latina) El Consejo Electoral Provisional (CEP) de Hait\u00ed emprendi\u00f3 sesiones de capacitaci\u00f3n para los miembros de sus oficinas departamentales y comunales, como parte de los preparativos generales que ejecuta hoy el pa\u00eds con vista a esa consulta.<\/span><\/p>\n<\/div>\n<\/div>\n<\/div>\n<\/div>\n<\/div>\n<div class=\"elementor-element elementor-element-6276117 e-flex e-con-boxed e-con e-parent e-lazyloaded\" data-id=\"6276117\" data-element_type=\"container\">\n<div class=\"e-con-inner\">\n<div class=\"elementor-element elementor-element-ee759ba e-con-full e-flex e-con e-child\" data-id=\"ee759ba\" data-element_type=\"container\">\n<div class=\"elementor-element elementor-element-0aea3a0 elementor-widget elementor-widget-theme-post-content\" data-id=\"0aea3a0\" data-element_type=\"widget\" data-widget_type=\"theme-post-content.default\">\n<div class=\"elementor-widget-container\">\n<p>Los seminarios de cara a los comicios, cuya fecha tentativa el CEP propuso al gobierno para el 30 de agosto, fortalecen habilidades sobre el sistema de sufragios, la elaboraci\u00f3n de informes administrativos y la integraci\u00f3n al proceso sobre temas de g\u00e9nero, a\u00f1adi\u00f3 el diario Gazzeta Haiti.<\/p>\n<p>El comienzo del programa de entrenamiento al personal del Consejo Electoral sigui\u00f3 al reciente anuncio del lanzamiento oficial del proceso de registro de partidos pol\u00edticos, grupos y coaliciones de formaciones, previo a las elecciones.<\/p>\n<p>Los organizadores del CEP y otras autoridades responsabilizadas con la consulta popular fijaron el registro de votantes para el per\u00edodo entre el 2 y el 12 de marzo, precis\u00f3 Gazzete Haiti.<\/p>\n<p>La instancia electoral present\u00f3 en noviembre de 2025 al ejecutivo el proyecto de decreto y el calendario electoral, que contempla la citada fecha del 30 de agosto para la primera vuelta de las legislativas y presidenciales.<\/p>\n<p>El anuncio sobre los resultados preliminares est\u00e1 programado para el 2 de septiembre, mientras el plazo para impugnar los resultados ser\u00e1 del 3 de septiembre al 2 de octubre, lo que permitir\u00e1 hacerlo a las partes interesadas antes de su anuncio oficial.<\/p>\n<p>Los resultados finales de la primera vuelta ser\u00e1n publicados por el CEP el 3 de octubre de 2026.<\/p>\n<p>El calendario tambi\u00e9n incluye la segunda vuelta, que comenzar\u00e1 en octubre de 2026 con la preparaci\u00f3n de los expedientes t\u00e9cnicos y la adquisici\u00f3n de equipo sensible, mientras la campa\u00f1a electoral de la segunda vuelta fue fijada del 6 de noviembre al 5 de diciembre del propio a\u00f1o.<\/p>\n<p>Los resultados finales de la segunda vuelta de las elecciones presidenciales y legislativas ser\u00e1n revelados el 7 de enero de 2027, mientras que los de las elecciones locales ser\u00e1n publicados el 20 de enero.<\/p>\n<p>El gobierno del primer ministro Alix Didier Fils-Aim\u00e9 respalda un denominado Pacto Nacional para la Estabilidad y la Organizaci\u00f3n de Elecciones, impulsado por miembros del gabinete, partidos y otras instituciones, seg\u00fan medios locales.<\/p>\n<p>\u00abEsta es una tregua entre adversarios pol\u00edticos\u00bb, coment\u00f3 el l\u00edder del ejecutivo sobre esa iniciativa, cuya presentaci\u00f3n fue tambi\u00e9n respaldada por personalidades nacionales y miembros del cuerpo diplom\u00e1tico, seg\u00fan Gazzette Haiti.<\/p>\n<p>rc\/apb<\/p>\n<\/div>\n<\/div>\n<\/div>\n<\/div>\n<\/div>\n","protected":false},"excerpt":{"rendered":"<p>Puerto Pr\u00edncipe (Prensa Latina) El Consejo Electoral Provisional (CEP) de Hait\u00ed emprendi\u00f3 sesiones de capacitaci\u00f3n&hellip;<\/p>\n","protected":false},"author":2,"featured_media":74105,"comment_status":"closed","ping_status":"closed","sticky":false,"template":"","format":"standard","meta":{"footnotes":""},"categories":[52,53],"tags":[],"class_list":["post-78520","post","type-post","status-publish","format-standard","has-post-thumbnail","hentry","category-internacionales","category-prensa-latina"],"_links":{"self":[{"href":"https:\/\/eldiarioantillano.com\/uno\/wp-json\/wp\/v2\/posts\/78520","targetHints":{"allow":["GET"]}}],"collection":[{"href":"https:\/\/eldiarioantillano.com\/uno\/wp-json\/wp\/v2\/posts"}],"about":[{"href":"https:\/\/eldiarioantillano.com\/uno\/wp-json\/wp\/v2\/types\/post"}],"author":[{"embeddable":true,"href":"https:\/\/eldiarioantillano.com\/uno\/wp-json\/wp\/v2\/users\/2"}],"replies":[{"embeddable":true,"href":"https:\/\/eldiarioantillano.com\/uno\/wp-json\/wp\/v2\/comments?post=78520"}],"version-history":[{"count":2,"href":"https:\/\/eldiarioantillano.com\/uno\/wp-json\/wp\/v2\/posts\/78520\/revisions"}],"predecessor-version":[{"id":78522,"href":"https:\/\/eldiarioantillano.com\/uno\/wp-json\/wp\/v2\/posts\/78520\/revisions\/78522"}],"wp:featuredmedia":[{"embeddable":true,"href":"https:\/\/eldiarioantillano.com\/uno\/wp-json\/wp\/v2\/media\/74105"}],"wp:attachment":[{"href":"https:\/\/eldiarioantillano.com\/uno\/wp-json\/wp\/v2\/media?parent=78520"}],"wp:term":[{"taxonomy":"category","embeddable":true,"href":"https:\/\/eldiarioantillano.com\/uno\/wp-json\/wp\/v2\/categories?post=78520"},{"taxonomy":"post_tag","embeddable":true,"href":"https:\/\/eldiarioantillano.com\/uno\/wp-json\/wp\/v2\/tags?post=78520"}],"curies":[{"name":"wp","href":"https:\/\/api.w.org\/{rel}","templated":true}]}}