{"id":78517,"date":"2026-03-11T12:31:18","date_gmt":"2026-03-11T16:31:18","guid":{"rendered":"https:\/\/eldiarioantillano.com\/uno\/?p=78517"},"modified":"2026-03-11T12:31:18","modified_gmt":"2026-03-11T16:31:18","slug":"sheinbaum-y-lula-abordan-proyectos-conjuntos-de-desarrollo-economico","status":"publish","type":"post","link":"https:\/\/eldiarioantillano.com\/uno\/2026\/03\/11\/sheinbaum-y-lula-abordan-proyectos-conjuntos-de-desarrollo-economico\/","title":{"rendered":"Sheinbaum y Lula abordan proyectos conjuntos de desarrollo econ\u00f3mico"},"content":{"rendered":"<div class=\"elementor-element elementor-element-41212fa e-flex e-con-boxed e-con e-parent e-lazyloaded\" data-id=\"41212fa\" data-element_type=\"container\">\n<div class=\"e-con-inner\">\n<div class=\"elementor-element elementor-element-1379ac8 e-con-full e-flex e-con e-child\" data-id=\"1379ac8\" data-element_type=\"container\">\n<div class=\"elementor-element elementor-element-67d10ba elementor-widget elementor-widget-theme-post-title elementor-page-title elementor-widget-heading\" data-id=\"67d10ba\" data-element_type=\"widget\" data-widget_type=\"theme-post-title.default\">\n<div class=\"elementor-widget-container\">\n<p class=\"elementor-heading-title elementor-size-default\"><span style=\"font-family: 'PT Serif', serif; font-size: 14px;\">Ciudad de M\u00e9xico (Prensa Latina) La presidenta de M\u00e9xico, Claudia Sheinbaum, inform\u00f3 que dialog\u00f3 con su hom\u00f3logo de Brasil, Luiz In\u00e1cio Lula da Silva, para dar seguimiento a proyectos conjuntos de desarrollo econ\u00f3mico, educaci\u00f3n y ciencia.<\/span><\/p>\n<\/div>\n<\/div>\n<\/div>\n<\/div>\n<\/div>\n<div class=\"elementor-element elementor-element-6276117 e-flex e-con-boxed e-con e-parent e-lazyloaded\" data-id=\"6276117\" data-element_type=\"container\">\n<div class=\"e-con-inner\">\n<div class=\"elementor-element elementor-element-ee759ba e-con-full e-flex e-con e-child\" data-id=\"ee759ba\" data-element_type=\"container\">\n<div class=\"elementor-element elementor-element-f5ec5bf e-flex e-con-boxed e-con e-child\" data-id=\"f5ec5bf\" data-element_type=\"container\"><\/div>\n<div class=\"elementor-element elementor-element-0aea3a0 elementor-widget elementor-widget-theme-post-content\" data-id=\"0aea3a0\" data-element_type=\"widget\" data-widget_type=\"theme-post-content.default\">\n<div class=\"elementor-widget-container\">\n<div class=\"ss-inline-share-wrapper ss-left-inline-content ss-small-icons ss-with-spacing ss-circle-icons ss-without-labels\">\n<div class=\"ss-inline-share-content\">\n<p>\u201cPlaticamos con el presidente de la Rep\u00fablica Federativa de Brasil, Luiz In\u00e1cio Lula da Silva, para dar seguimiento a los proyectos conjuntos de desarrollo econ\u00f3mico, educaci\u00f3n y ciencia. Siempre es un gusto\u201d, expres\u00f3 la mandataria en un mensaje a trav\u00e9s de su cuenta de la red social X.<\/p>\n<\/div>\n<\/div>\n<p>En enero \u00faltimo, ambos gobernantes sostuvieron otra llamada telef\u00f3nica durante la cual conversaron sobre la situaci\u00f3n regional y la defensa de la soberan\u00eda, en un contexto marcado por la agresi\u00f3n estadounidense a Venezuela.<\/p>\n<p>Tambi\u00e9n aludieron al seguimiento a la visita realizada en agosto del a\u00f1o pasado por el vicepresidente de Brasil, Geraldo Alckmin, junto a un grupo muy amplio del gabinete de la administraci\u00f3n y empresarios de la naci\u00f3n suramericana.<\/p>\n<p>Alckmin y el canciller mexicano, Juan Ram\u00f3n de la Fuente, firmaron entonces la Declaraci\u00f3n Conjunta para el seguimiento y la implementaci\u00f3n de los acuerdos comerciales y de inversi\u00f3n, as\u00ed como los referentes a temas de agricultura, salud y energ\u00eda.<\/p>\n<p>jha\/las<\/p>\n<\/div>\n<\/div>\n<\/div>\n<\/div>\n<\/div>\n","protected":false},"excerpt":{"rendered":"<p>Ciudad de M\u00e9xico (Prensa Latina) La presidenta de M\u00e9xico, Claudia Sheinbaum, inform\u00f3 que dialog\u00f3 con&hellip;<\/p>\n","protected":false},"author":2,"featured_media":72312,"comment_status":"closed","ping_status":"closed","sticky":false,"template":"","format":"standard","meta":{"footnotes":""},"categories":[52,53],"tags":[],"class_list":["post-78517","post","type-post","status-publish","format-standard","has-post-thumbnail","hentry","category-internacionales","category-prensa-latina"],"_links":{"self":[{"href":"https:\/\/eldiarioantillano.com\/uno\/wp-json\/wp\/v2\/posts\/78517","targetHints":{"allow":["GET"]}}],"collection":[{"href":"https:\/\/eldiarioantillano.com\/uno\/wp-json\/wp\/v2\/posts"}],"about":[{"href":"https:\/\/eldiarioantillano.com\/uno\/wp-json\/wp\/v2\/types\/post"}],"author":[{"embeddable":true,"href":"https:\/\/eldiarioantillano.com\/uno\/wp-json\/wp\/v2\/users\/2"}],"replies":[{"embeddable":true,"href":"https:\/\/eldiarioantillano.com\/uno\/wp-json\/wp\/v2\/comments?post=78517"}],"version-history":[{"count":1,"href":"https:\/\/eldiarioantillano.com\/uno\/wp-json\/wp\/v2\/posts\/78517\/revisions"}],"predecessor-version":[{"id":78518,"href":"https:\/\/eldiarioantillano.com\/uno\/wp-json\/wp\/v2\/posts\/78517\/revisions\/78518"}],"wp:featuredmedia":[{"embeddable":true,"href":"https:\/\/eldiarioantillano.com\/uno\/wp-json\/wp\/v2\/media\/72312"}],"wp:attachment":[{"href":"https:\/\/eldiarioantillano.com\/uno\/wp-json\/wp\/v2\/media?parent=78517"}],"wp:term":[{"taxonomy":"category","embeddable":true,"href":"https:\/\/eldiarioantillano.com\/uno\/wp-json\/wp\/v2\/categories?post=78517"},{"taxonomy":"post_tag","embeddable":true,"href":"https:\/\/eldiarioantillano.com\/uno\/wp-json\/wp\/v2\/tags?post=78517"}],"curies":[{"name":"wp","href":"https:\/\/api.w.org\/{rel}","templated":true}]}}