{"id":78493,"date":"2026-03-10T00:00:11","date_gmt":"2026-03-10T04:00:11","guid":{"rendered":"https:\/\/eldiarioantillano.com\/uno\/?p=78493"},"modified":"2026-03-09T18:43:53","modified_gmt":"2026-03-09T22:43:53","slug":"la-tertulia-feminista-magaly-pineda-invita-a-conversatorio-sobre-el-libro-mujer-y-esclavitud-en-santo-domingo-con-celsa-albert","status":"publish","type":"post","link":"https:\/\/eldiarioantillano.com\/uno\/2026\/03\/10\/la-tertulia-feminista-magaly-pineda-invita-a-conversatorio-sobre-el-libro-mujer-y-esclavitud-en-santo-domingo-con-celsa-albert\/","title":{"rendered":"La Tertulia Feminista Magaly Pineda invita a conversatorio sobre el libro \u201cMujer y Esclavitud en Santo Domingo\u201d, con Celsa Albert"},"content":{"rendered":"<p><em>Le acompa\u00f1ar\u00e1n como comentaristas, Jonathan De Oleo Ramos y Ruth Pion, profesionales de la antropolog\u00eda que se dedican a la investigaci\u00f3n y a la puesta en valor de la cultura afrodominicana y caribe\u00f1a<\/em><\/p>\n<p><strong>Santo Domingo.- <\/strong>En conmemoraci\u00f3n del 35 aniversario del libro <em>Mujer y esclavitud en Santo Domingo<\/em>, su autora, la doctora Celsa Albert, encabezar\u00e1 un conversatorio este jueves 12 de marzo a las 5:00 de la tarde en el Paraninfo de la Facultad de Humanidades de la Universidad Aut\u00f3noma de Santo Domingo (UASD), organizado por la Tertulia Feminista Magaly Pineda, con el apoyo del Instituto de G\u00e9nero y Familia, Afrohistoria y Libertarias.<\/p>\n<p>Durante esta actividad, la doctora Celsa Albert reflexionar\u00e1 sobre la vida y los legados de las mujeres negras que vivieron durante la Colonia. Explicar\u00e1 c\u00f3mo resistieron y enfrentaron el sistema esclavista.<\/p>\n<p>Le acompa\u00f1ar\u00e1n como comentaristas Jonathan De Oleo Ramos y Ruth Pion, profesionales de la antropolog\u00eda que se dedican a la investigaci\u00f3n y a la puesta en valor de la cultura afrodominicana.<\/p>\n<p>De Oleo Ramos analizar\u00e1 la importancia de la obra de la doctora Albert para comprender las ra\u00edces de la sociedad dominicana; y Pion reflexionar\u00e1 sobre c\u00f3mo el impacto de la esclavitud se puede identificar en las vidas de las mujeres negras dominicanas en la actualidad.<\/p>\n<p>&nbsp;<\/p>\n<p><strong>Sobre la Tertulia Feminista Magaly Pineda<\/strong><\/p>\n<p>La Tertulia es un espacio de construcci\u00f3n de conocimiento horizontal y colectivo, en el que mujeres de distintas generaciones y con diferentes perspectivas pol\u00edticas dialogan desde los feminismos sobre diversos temas como justicia, derechos humanos, arte, humanidades y movimientos sociales, etc.<\/p>\n","protected":false},"excerpt":{"rendered":"<p>Le acompa\u00f1ar\u00e1n como comentaristas, Jonathan De Oleo Ramos y Ruth Pion, profesionales de la antropolog\u00eda&hellip;<\/p>\n","protected":false},"author":2,"featured_media":78491,"comment_status":"closed","ping_status":"closed","sticky":false,"template":"","format":"standard","meta":{"footnotes":""},"categories":[63],"tags":[],"class_list":["post-78493","post","type-post","status-publish","format-standard","has-post-thumbnail","hentry","category-cultura"],"_links":{"self":[{"href":"https:\/\/eldiarioantillano.com\/uno\/wp-json\/wp\/v2\/posts\/78493","targetHints":{"allow":["GET"]}}],"collection":[{"href":"https:\/\/eldiarioantillano.com\/uno\/wp-json\/wp\/v2\/posts"}],"about":[{"href":"https:\/\/eldiarioantillano.com\/uno\/wp-json\/wp\/v2\/types\/post"}],"author":[{"embeddable":true,"href":"https:\/\/eldiarioantillano.com\/uno\/wp-json\/wp\/v2\/users\/2"}],"replies":[{"embeddable":true,"href":"https:\/\/eldiarioantillano.com\/uno\/wp-json\/wp\/v2\/comments?post=78493"}],"version-history":[{"count":1,"href":"https:\/\/eldiarioantillano.com\/uno\/wp-json\/wp\/v2\/posts\/78493\/revisions"}],"predecessor-version":[{"id":78494,"href":"https:\/\/eldiarioantillano.com\/uno\/wp-json\/wp\/v2\/posts\/78493\/revisions\/78494"}],"wp:featuredmedia":[{"embeddable":true,"href":"https:\/\/eldiarioantillano.com\/uno\/wp-json\/wp\/v2\/media\/78491"}],"wp:attachment":[{"href":"https:\/\/eldiarioantillano.com\/uno\/wp-json\/wp\/v2\/media?parent=78493"}],"wp:term":[{"taxonomy":"category","embeddable":true,"href":"https:\/\/eldiarioantillano.com\/uno\/wp-json\/wp\/v2\/categories?post=78493"},{"taxonomy":"post_tag","embeddable":true,"href":"https:\/\/eldiarioantillano.com\/uno\/wp-json\/wp\/v2\/tags?post=78493"}],"curies":[{"name":"wp","href":"https:\/\/api.w.org\/{rel}","templated":true}]}}