{"id":78431,"date":"2026-03-07T23:10:18","date_gmt":"2026-03-08T03:10:18","guid":{"rendered":"https:\/\/eldiarioantillano.com\/uno\/?p=78431"},"modified":"2026-03-07T23:10:18","modified_gmt":"2026-03-08T03:10:18","slug":"los-mandos-militares-quieren-que-la-guerra-contra-iran-sea-el-armagedon","status":"publish","type":"post","link":"https:\/\/eldiarioantillano.com\/uno\/2026\/03\/07\/los-mandos-militares-quieren-que-la-guerra-contra-iran-sea-el-armagedon\/","title":{"rendered":"Los mandos militares quieren que la guerra contra Ir\u00e1n sea el Armaged\u00f3n"},"content":{"rendered":"<p>(EIRNS).\u2014 La Fundaci\u00f3n de M\u00e1rtires y Asuntos de Veteranos de Ir\u00e1n inform\u00f3 que el n\u00famero de muertos como resultado de la campa\u00f1a de bombardeos de Estados Unidos e Israel asciende ahora a 1,045. La Fundaci\u00f3n inform\u00f3 en un comunicado que varios militares y civiles perdieron la vida, seg\u00fan<a id=\"m_-1058870984221081389ydpd982505ayiv2979865918OWAabc0dd61-6a90-bc40-9063-37f69d5f709e\" href=\"https:\/\/eir.news\/r\/a17c79cb?m=9020ef27-83b0-4ad2-9343-466515ff7f3a\" target=\"_blank\" rel=\"nofollow noopener\" data-saferedirecturl=\"https:\/\/www.google.com\/url?q=https:\/\/eir.news\/r\/a17c79cb?m%3D9020ef27-83b0-4ad2-9343-466515ff7f3a&amp;source=gmail&amp;ust=1773022999459000&amp;usg=AOvVaw2dlWEclY709E3lH20RaygL\">\u00a0<\/a><i><a id=\"m_-1058870984221081389ydpd982505ayiv2979865918OWAabc0dd61-6a90-bc40-9063-37f69d5f709e\" href=\"https:\/\/eir.news\/r\/a17c79cb?m=9020ef27-83b0-4ad2-9343-466515ff7f3a\" target=\"_blank\" rel=\"nofollow noopener\" data-saferedirecturl=\"https:\/\/www.google.com\/url?q=https:\/\/eir.news\/r\/a17c79cb?m%3D9020ef27-83b0-4ad2-9343-466515ff7f3a&amp;source=gmail&amp;ust=1773022999459000&amp;usg=AOvVaw2dlWEclY709E3lH20RaygL\">WANA<\/a><\/i>\u00a0desde Teher\u00e1n. De acuerdo con el comunicado, hasta ahora se han sepultado los cuerpos de 1,045 v\u00edctimas.<\/p>\n<div>\n<p dir=\"ltr\">La organizaci\u00f3n tambi\u00e9n indic\u00f3 que el proceso de identificaci\u00f3n de las v\u00edctimas y de finalizaci\u00f3n de las estad\u00edsticas a\u00fan est\u00e1 en curso, y que se anunciar\u00e1 informaci\u00f3n adicional si las cifras cambian. Es de suponer que la cifra de la Fundaci\u00f3n incluye a las v\u00edctimas, que ahora ascienden a 180, del bombardeo de una escuela de ni\u00f1as en el sur de Ir\u00e1n el primer d\u00eda de la guerra.<\/p>\n<p>Pero a\u00fan peor que las muertes en s\u00ed, cada vez son m\u00e1s los informes que indican que a algunos soldados estadounidenses se les dice que el derramamiento de sangre forma parte del plan de Dios, como se\u00f1ala Stephen Prager, redactor de\u00a0<i>Common Dreams<\/i>, en un art\u00edculo\u00a0<a id=\"m_-1058870984221081389ydpd982505ayiv2979865918OWAdac3d47f-92f5-afee-518e-9edc9685d5a8\" href=\"https:\/\/eir.news\/r\/c9dde0cf?m=9020ef27-83b0-4ad2-9343-466515ff7f3a\" target=\"_blank\" rel=\"nofollow noopener\" data-saferedirecturl=\"https:\/\/www.google.com\/url?q=https:\/\/eir.news\/r\/c9dde0cf?m%3D9020ef27-83b0-4ad2-9343-466515ff7f3a&amp;source=gmail&amp;ust=1773022999459000&amp;usg=AOvVaw0LwhUEYZCTsiil63gawBXw\">publicado el 3 de marzo<\/a>. Prager informa que Mikey Weinstein, presidente y fundador de la Fundaci\u00f3n para la Libertad Religiosa en las Fuerzas Armadas (MRFF, por sus siglas en ingl\u00e9s), dijo al periodista independiente Jonathan Larsen que el grupo ha sido \u201cinundado\u201d con quejas de suboficiales (sargentos, cabos, etc.) desde el 28 de febrero, todas ellas con \u201cuna maldita cosa en com\u00fan\u201d.<\/p>\n<p>\u201cNuestros clientes de la MRFF informan de la euforia sin l\u00edmites de sus comandantes y cadenas de mando en cuanto a que esta nueva guerra \u2018sancionada por la Biblia\u2019 es claramente la se\u00f1al innegable de la llegada expedita del \u2018fin de los tiempos\u2019 cristiano fundamentalista, tal y como se describe v\u00edvidamente en el Libro del Apocalipsis del Nuevo Testamento\u201d, dijo Weinstein. \u201cMuchos de sus comandantes est\u00e1n especialmente encantados con lo gr\u00e1fica que ser\u00e1 esta batalla, que destaca lo sangriento que debe ser todo esto para cumplir y estar en total conformidad con la escatolog\u00eda fundamentalista cristiana del fin del mundo\u201d, explic\u00f3.<\/p>\n<p>\u201cAunque la relaci\u00f3n de Estados Unidos con Ir\u00e1n est\u00e1 influenciada por todos los factores geopol\u00edticos t\u00edpicos del petr\u00f3leo, la cultura y las armas nucleares, hay una parte de la pol\u00edtica exterior estadounidense que est\u00e1 influenciada por la teolog\u00eda evang\u00e9lica apocal\u00edptica\u201d, escribi\u00f3 Josh Olds, pastor y te\u00f3logo, el lunes 2 de marzo para la agencia\u00a0<i>Baptist News Global<\/i>, seg\u00fan informa Prager. Olds se\u00f1ala que a menudo se acusa a los l\u00edderes musulmanes de Ir\u00e1n de ser peligrosamente irracionales debido a un fundamentalismo religioso ciego, pero \u201ccada vez est\u00e1 m\u00e1s claro que las acciones estadounidenses tambi\u00e9n se ven influidas por ello\u201d. Se podr\u00eda a\u00f1adir que esto tambi\u00e9n es cierto para los supremacistas jud\u00edos del Likud y otros en Israel.<\/p>\n<p>\u201cDonald Trump se ali\u00f3 con Israel para bombardear Ir\u00e1n debido a la influencia de una escatolog\u00eda que considera que el conflicto con Ir\u00e1n prepara el escenario para el cumplimiento de la profec\u00eda\u201d, se\u00f1ala Olds. \u201cLa iron\u00eda es profunda: una fe centrada en amar a los enemigos y hacer la paz se convierte en un marco que acoge y defiende la violencia. El resultado no es el avance del reino de Dios, sino su da\u00f1o irrevocable a los ojos del mundo\u201d.<\/p>\n<p>En su videoconferencia semanal del 4 de marzo, Helga Zepp-LaRouche lanz\u00f3 una severa advertencia: \u201cSi este tipo de fundamentalismo religioso, que prevalece entre algunos de los cristianos conservadores estadounidenses y tambi\u00e9n entre algunos elementos sionistas, si eso es lo que impera, entonces ya no hay racionalidad&#8230; Si se produce una guerra religiosa a ese nivel, con el potencial de las armas nucleares, creo que la gente deber\u00eda tom\u00e1rselo en serio\u201d.<\/p>\n<\/div>\n","protected":false},"excerpt":{"rendered":"<p>(EIRNS).\u2014 La Fundaci\u00f3n de M\u00e1rtires y Asuntos de Veteranos de Ir\u00e1n inform\u00f3 que el n\u00famero&hellip;<\/p>\n","protected":false},"author":2,"featured_media":78438,"comment_status":"closed","ping_status":"closed","sticky":false,"template":"","format":"standard","meta":{"footnotes":""},"categories":[78,52],"tags":[],"class_list":["post-78431","post","type-post","status-publish","format-standard","has-post-thumbnail","hentry","category-eirns","category-internacionales"],"_links":{"self":[{"href":"https:\/\/eldiarioantillano.com\/uno\/wp-json\/wp\/v2\/posts\/78431","targetHints":{"allow":["GET"]}}],"collection":[{"href":"https:\/\/eldiarioantillano.com\/uno\/wp-json\/wp\/v2\/posts"}],"about":[{"href":"https:\/\/eldiarioantillano.com\/uno\/wp-json\/wp\/v2\/types\/post"}],"author":[{"embeddable":true,"href":"https:\/\/eldiarioantillano.com\/uno\/wp-json\/wp\/v2\/users\/2"}],"replies":[{"embeddable":true,"href":"https:\/\/eldiarioantillano.com\/uno\/wp-json\/wp\/v2\/comments?post=78431"}],"version-history":[{"count":1,"href":"https:\/\/eldiarioantillano.com\/uno\/wp-json\/wp\/v2\/posts\/78431\/revisions"}],"predecessor-version":[{"id":78455,"href":"https:\/\/eldiarioantillano.com\/uno\/wp-json\/wp\/v2\/posts\/78431\/revisions\/78455"}],"wp:featuredmedia":[{"embeddable":true,"href":"https:\/\/eldiarioantillano.com\/uno\/wp-json\/wp\/v2\/media\/78438"}],"wp:attachment":[{"href":"https:\/\/eldiarioantillano.com\/uno\/wp-json\/wp\/v2\/media?parent=78431"}],"wp:term":[{"taxonomy":"category","embeddable":true,"href":"https:\/\/eldiarioantillano.com\/uno\/wp-json\/wp\/v2\/categories?post=78431"},{"taxonomy":"post_tag","embeddable":true,"href":"https:\/\/eldiarioantillano.com\/uno\/wp-json\/wp\/v2\/tags?post=78431"}],"curies":[{"name":"wp","href":"https:\/\/api.w.org\/{rel}","templated":true}]}}