{"id":78424,"date":"2026-03-06T23:35:05","date_gmt":"2026-03-07T03:35:05","guid":{"rendered":"https:\/\/eldiarioantillano.com\/uno\/?p=78424"},"modified":"2026-03-06T23:35:05","modified_gmt":"2026-03-07T03:35:05","slug":"celebran-el-dia-internacional-de-la-mujer-en-montecristi","status":"publish","type":"post","link":"https:\/\/eldiarioantillano.com\/uno\/2026\/03\/06\/celebran-el-dia-internacional-de-la-mujer-en-montecristi\/","title":{"rendered":"Celebran el D\u00eda Internacional de la Mujer en Montecristi"},"content":{"rendered":"<p>El acto se realiz\u00f3 en la sede de la gobernaci\u00f3n provincial en coordinaci\u00f3n con el Ministerio de la Mujer. Estuvieron presentes la gobernadora Leissy Cruz, la profesora Estela Abreu y dirigentes comunitarias, entre otras.<\/p>\n","protected":false},"excerpt":{"rendered":"<p>El acto se realiz\u00f3 en la sede de la gobernaci\u00f3n provincial en coordinaci\u00f3n con el&hellip;<\/p>\n","protected":false},"author":2,"featured_media":78425,"comment_status":"closed","ping_status":"closed","sticky":false,"template":"","format":"video","meta":{"footnotes":""},"categories":[57],"tags":[],"class_list":["post-78424","post","type-post","status-publish","format-video","has-post-thumbnail","hentry","category-montecristi","post_format-post-format-video"],"_links":{"self":[{"href":"https:\/\/eldiarioantillano.com\/uno\/wp-json\/wp\/v2\/posts\/78424","targetHints":{"allow":["GET"]}}],"collection":[{"href":"https:\/\/eldiarioantillano.com\/uno\/wp-json\/wp\/v2\/posts"}],"about":[{"href":"https:\/\/eldiarioantillano.com\/uno\/wp-json\/wp\/v2\/types\/post"}],"author":[{"embeddable":true,"href":"https:\/\/eldiarioantillano.com\/uno\/wp-json\/wp\/v2\/users\/2"}],"replies":[{"embeddable":true,"href":"https:\/\/eldiarioantillano.com\/uno\/wp-json\/wp\/v2\/comments?post=78424"}],"version-history":[{"count":1,"href":"https:\/\/eldiarioantillano.com\/uno\/wp-json\/wp\/v2\/posts\/78424\/revisions"}],"predecessor-version":[{"id":78426,"href":"https:\/\/eldiarioantillano.com\/uno\/wp-json\/wp\/v2\/posts\/78424\/revisions\/78426"}],"wp:featuredmedia":[{"embeddable":true,"href":"https:\/\/eldiarioantillano.com\/uno\/wp-json\/wp\/v2\/media\/78425"}],"wp:attachment":[{"href":"https:\/\/eldiarioantillano.com\/uno\/wp-json\/wp\/v2\/media?parent=78424"}],"wp:term":[{"taxonomy":"category","embeddable":true,"href":"https:\/\/eldiarioantillano.com\/uno\/wp-json\/wp\/v2\/categories?post=78424"},{"taxonomy":"post_tag","embeddable":true,"href":"https:\/\/eldiarioantillano.com\/uno\/wp-json\/wp\/v2\/tags?post=78424"}],"curies":[{"name":"wp","href":"https:\/\/api.w.org\/{rel}","templated":true}]}}