{"id":78420,"date":"2026-03-06T23:30:21","date_gmt":"2026-03-07T03:30:21","guid":{"rendered":"https:\/\/eldiarioantillano.com\/uno\/?p=78420"},"modified":"2026-03-06T23:30:21","modified_gmt":"2026-03-07T03:30:21","slug":"presidente-irani-revela-esfuerzos-de-mediacion-para-cesar-la-guerra","status":"publish","type":"post","link":"https:\/\/eldiarioantillano.com\/uno\/2026\/03\/06\/presidente-irani-revela-esfuerzos-de-mediacion-para-cesar-la-guerra\/","title":{"rendered":"Presidente iran\u00ed revela esfuerzos de mediaci\u00f3n para cesar la guerra"},"content":{"rendered":"<div class=\"elementor-element elementor-element-41212fa e-flex e-con-boxed e-con e-parent e-lazyloaded\" data-id=\"41212fa\" data-element_type=\"container\">\n<div class=\"e-con-inner\">\n<div class=\"elementor-element elementor-element-1379ac8 e-con-full e-flex e-con e-child\" data-id=\"1379ac8\" data-element_type=\"container\">\n<div class=\"elementor-element elementor-element-67d10ba elementor-widget elementor-widget-theme-post-title elementor-page-title elementor-widget-heading\" data-id=\"67d10ba\" data-element_type=\"widget\" data-widget_type=\"theme-post-title.default\">\n<div class=\"elementor-widget-container\">\n<p class=\"elementor-heading-title elementor-size-default\"><span style=\"font-family: 'PT Serif', serif; font-size: 14px;\">Teher\u00e1n, 6 mar (Prensa Latina) El presidente de Ir\u00e1n, Masoud Pezeshkian, revel\u00f3 hoy que varios pa\u00edses iniciaron esfuerzos de mediaci\u00f3n para poner fin a la guerra entre su pa\u00eds, por un lado, y Estados Unidos e Israel, por el otro, conflicto que ya cumple siete d\u00edas.<\/span><\/p>\n<\/div>\n<\/div>\n<\/div>\n<\/div>\n<\/div>\n<div class=\"elementor-element elementor-element-6276117 e-flex e-con-boxed e-con e-parent e-lazyloaded\" data-id=\"6276117\" data-element_type=\"container\">\n<div class=\"e-con-inner\">\n<div class=\"elementor-element elementor-element-ee759ba e-con-full e-flex e-con e-child\" data-id=\"ee759ba\" data-element_type=\"container\">\n<div class=\"elementor-element elementor-element-f5ec5bf e-flex e-con-boxed e-con e-child\" data-id=\"f5ec5bf\" data-element_type=\"container\">\n<p class=\"e-con-inner\">En un mensaje publicado en la red social X, el mandatario afirm\u00f3 que la posici\u00f3n de Teher\u00e1n es clara respecto a la crisis. \u201cIr\u00e1n est\u00e1 comprometido a trabajar por una paz duradera en la regi\u00f3n, pero al mismo tiempo no dudar\u00e1 en defender su dignidad y soberan\u00eda\u201d, expres\u00f3.<\/p>\n<\/div>\n<div class=\"elementor-element elementor-element-0aea3a0 elementor-widget elementor-widget-theme-post-content\" data-id=\"0aea3a0\" data-element_type=\"widget\" data-widget_type=\"theme-post-content.default\">\n<div class=\"elementor-widget-container\">\n<p>Pezeshkian subray\u00f3 que cualquier mediaci\u00f3n debe dirigirse, seg\u00fan dijo, a quienes provocaron la crisis al ignorar la voluntad del pueblo iran\u00ed.<\/p>\n<p>Las declaraciones del presidente se producen mientras contin\u00faan los intercambios de ataques entre Ir\u00e1n, por una parte, y Estados Unidos e Israel, por la otra.<\/p>\n<p>Teher\u00e1n acusa a Washington y Tel Aviv de ampliar el alcance de sus bombardeos para incluir infraestructuras civiles y objetivos no militares.<\/p>\n<p>En este contexto, medios iran\u00edes informaron que el Consejo de Liderazgo Interino celebr\u00f3 una reuni\u00f3n presidida por Pezeshkian para analizar la convocatoria del Consejo de Expertos de Liderazgo.<\/p>\n<p>Ese \u00f3rgano es responsable de elegir al sucesor del l\u00edder supremo iran\u00ed, Ali Jamenei, cuya muerte en ataques a\u00e9reos israel\u00edes el pasado s\u00e1bado fue confirmada por las autoridades iran\u00edes.<\/p>\n<p>ro\/fm<\/p>\n<\/div>\n<\/div>\n<\/div>\n<\/div>\n<\/div>\n","protected":false},"excerpt":{"rendered":"<p>Teher\u00e1n, 6 mar (Prensa Latina) El presidente de Ir\u00e1n, Masoud Pezeshkian, revel\u00f3 hoy que varios&hellip;<\/p>\n","protected":false},"author":2,"featured_media":78417,"comment_status":"closed","ping_status":"closed","sticky":false,"template":"","format":"standard","meta":{"footnotes":""},"categories":[52,53],"tags":[],"class_list":["post-78420","post","type-post","status-publish","format-standard","has-post-thumbnail","hentry","category-internacionales","category-prensa-latina"],"_links":{"self":[{"href":"https:\/\/eldiarioantillano.com\/uno\/wp-json\/wp\/v2\/posts\/78420","targetHints":{"allow":["GET"]}}],"collection":[{"href":"https:\/\/eldiarioantillano.com\/uno\/wp-json\/wp\/v2\/posts"}],"about":[{"href":"https:\/\/eldiarioantillano.com\/uno\/wp-json\/wp\/v2\/types\/post"}],"author":[{"embeddable":true,"href":"https:\/\/eldiarioantillano.com\/uno\/wp-json\/wp\/v2\/users\/2"}],"replies":[{"embeddable":true,"href":"https:\/\/eldiarioantillano.com\/uno\/wp-json\/wp\/v2\/comments?post=78420"}],"version-history":[{"count":1,"href":"https:\/\/eldiarioantillano.com\/uno\/wp-json\/wp\/v2\/posts\/78420\/revisions"}],"predecessor-version":[{"id":78423,"href":"https:\/\/eldiarioantillano.com\/uno\/wp-json\/wp\/v2\/posts\/78420\/revisions\/78423"}],"wp:featuredmedia":[{"embeddable":true,"href":"https:\/\/eldiarioantillano.com\/uno\/wp-json\/wp\/v2\/media\/78417"}],"wp:attachment":[{"href":"https:\/\/eldiarioantillano.com\/uno\/wp-json\/wp\/v2\/media?parent=78420"}],"wp:term":[{"taxonomy":"category","embeddable":true,"href":"https:\/\/eldiarioantillano.com\/uno\/wp-json\/wp\/v2\/categories?post=78420"},{"taxonomy":"post_tag","embeddable":true,"href":"https:\/\/eldiarioantillano.com\/uno\/wp-json\/wp\/v2\/tags?post=78420"}],"curies":[{"name":"wp","href":"https:\/\/api.w.org\/{rel}","templated":true}]}}