{"id":78407,"date":"2026-03-06T00:00:05","date_gmt":"2026-03-06T04:00:05","guid":{"rendered":"https:\/\/eldiarioantillano.com\/uno\/?p=78407"},"modified":"2026-03-05T22:38:58","modified_gmt":"2026-03-06T02:38:58","slug":"cambios-en-haiti-con-nuevos-ministros-del-trabajo-y-de-planificacion","status":"publish","type":"post","link":"https:\/\/eldiarioantillano.com\/uno\/2026\/03\/06\/cambios-en-haiti-con-nuevos-ministros-del-trabajo-y-de-planificacion\/","title":{"rendered":"Cambios en Hait\u00ed con nuevos ministros del Trabajo y de Planificaci\u00f3n"},"content":{"rendered":"<div class=\"elementor-element elementor-element-41212fa e-flex e-con-boxed e-con e-parent e-lazyloaded\" data-id=\"41212fa\" data-element_type=\"container\">\n<div class=\"e-con-inner\">\n<div class=\"elementor-element elementor-element-1379ac8 e-con-full e-flex e-con e-child\" data-id=\"1379ac8\" data-element_type=\"container\">\n<div class=\"elementor-element elementor-element-67d10ba elementor-widget elementor-widget-theme-post-title elementor-page-title elementor-widget-heading\" data-id=\"67d10ba\" data-element_type=\"widget\" data-widget_type=\"theme-post-title.default\">\n<div class=\"elementor-widget-container\">\n<p class=\"elementor-heading-title elementor-size-default\"><span style=\"font-family: 'PT Serif', serif; font-size: 14px;\">Puerto Pr\u00edncipe, 5 feb (Prensa Latina) Los funcionarios haitianos Marc-Elie Nelson, como titular de Asuntos Sociales y Trabajo, y Sandra Paulemon, de Planificaci\u00f3n y Cooperaci\u00f3n Externa, respectivamente, asumieron ambos ministerios, como parte de los cambios ante la crisis que sufre hoy el pa\u00eds.<\/span><\/p>\n<\/div>\n<\/div>\n<\/div>\n<\/div>\n<\/div>\n<div class=\"elementor-element elementor-element-6276117 e-flex e-con-boxed e-con e-parent e-lazyloaded\" data-id=\"6276117\" data-element_type=\"container\">\n<div class=\"e-con-inner\">\n<div class=\"elementor-element elementor-element-ee759ba e-con-full e-flex e-con e-child\" data-id=\"ee759ba\" data-element_type=\"container\">\n<div class=\"elementor-element elementor-element-f5ec5bf e-flex e-con-boxed e-con e-child\" data-id=\"f5ec5bf\" data-element_type=\"container\">\n<p class=\"e-con-inner\">El gobierno encomend\u00f3 en las \u00faltimas horas a ambas carteras trabajar por restablecer la seguridad, organizar elecciones y reactivar la econom\u00eda, entre los principales objetivos del actual per\u00edodo de transici\u00f3n que afronta la naci\u00f3n caribe\u00f1a, a\u00f1adi\u00f3 el diario Gazzette Haiti.<\/p>\n<\/div>\n<div class=\"elementor-element elementor-element-0aea3a0 elementor-widget elementor-widget-theme-post-content\" data-id=\"0aea3a0\" data-element_type=\"widget\" data-widget_type=\"theme-post-content.default\">\n<div class=\"elementor-widget-container\">\n<p>De su lado, Nelson destac\u00f3 entre los desaf\u00edos que afrontar\u00e1 la precaria situaci\u00f3n de las familias y las violaciones de los derechos de los trabajadores, sobre los cuales prometi\u00f3 asumir medidas para encontrar soluciones duraderas.<\/p>\n<p>El nuevo titular prometi\u00f3 desbloquear las v\u00edas de ayuda para los m\u00e1s vulnerables y preservar la dignidad de las personas excluidas del mercado laboral o v\u00edctimas de maltrato.<\/p>\n<p>Paulemon, por su parte, enfrentar\u00e1 como nueva ministra de Planificaci\u00f3n y Cooperaci\u00f3n Externa la programaci\u00f3n del desarrollo nacional y la cooperaci\u00f3n internacional, en un pa\u00eds que enfrenta una crisis de seguridad y se prepara para elecciones, agreg\u00f3 Gazzette Haiti.<\/p>\n<p>La nueva ministra describi\u00f3 como parte de su hoja de ruta estabilizar el Estado, organizar la acci\u00f3n p\u00fablica y acelerar la ejecuci\u00f3n de proyectos con hincapi\u00e9 en la disciplina y la rendici\u00f3n de cuentas.<\/p>\n<p>Los cambios de carteras en Hait\u00ed anunciados en las \u00faltimas horas comprenden el de la designaci\u00f3n de Jocelyn Pierre como Directora General de la Oficina de Seguros de Veh\u00edculos a Terceros, precis\u00f3 la publicaci\u00f3n.<\/p>\n<p>El gobierno encomend\u00f3 a la funcionaria reordenar el ingreso regular de las utilidades operativas de esa instancia, con \u00e9nfasis en los numerosos gastos p\u00fablicos que financia la Oficina, en particular los relacionados con la organizaci\u00f3n de elecciones.<\/p>\n<p>Pierre present\u00f3 entre las prioridades principales de su mandato estrechar los v\u00ednculos con los usuarios, fortalecer los mecanismos de supervisi\u00f3n y mejorar el desempe\u00f1o administrativo e innovaci\u00f3n en la gesti\u00f3n.<\/p>\n<p>lb\/apb<\/p>\n<\/div>\n<\/div>\n<\/div>\n<\/div>\n<\/div>\n","protected":false},"excerpt":{"rendered":"<p>Puerto Pr\u00edncipe, 5 feb (Prensa Latina) Los funcionarios haitianos Marc-Elie Nelson, como titular de Asuntos&hellip;<\/p>\n","protected":false},"author":2,"featured_media":74105,"comment_status":"closed","ping_status":"closed","sticky":false,"template":"","format":"standard","meta":{"footnotes":""},"categories":[52,53],"tags":[],"class_list":["post-78407","post","type-post","status-publish","format-standard","has-post-thumbnail","hentry","category-internacionales","category-prensa-latina"],"_links":{"self":[{"href":"https:\/\/eldiarioantillano.com\/uno\/wp-json\/wp\/v2\/posts\/78407","targetHints":{"allow":["GET"]}}],"collection":[{"href":"https:\/\/eldiarioantillano.com\/uno\/wp-json\/wp\/v2\/posts"}],"about":[{"href":"https:\/\/eldiarioantillano.com\/uno\/wp-json\/wp\/v2\/types\/post"}],"author":[{"embeddable":true,"href":"https:\/\/eldiarioantillano.com\/uno\/wp-json\/wp\/v2\/users\/2"}],"replies":[{"embeddable":true,"href":"https:\/\/eldiarioantillano.com\/uno\/wp-json\/wp\/v2\/comments?post=78407"}],"version-history":[{"count":1,"href":"https:\/\/eldiarioantillano.com\/uno\/wp-json\/wp\/v2\/posts\/78407\/revisions"}],"predecessor-version":[{"id":78408,"href":"https:\/\/eldiarioantillano.com\/uno\/wp-json\/wp\/v2\/posts\/78407\/revisions\/78408"}],"wp:featuredmedia":[{"embeddable":true,"href":"https:\/\/eldiarioantillano.com\/uno\/wp-json\/wp\/v2\/media\/74105"}],"wp:attachment":[{"href":"https:\/\/eldiarioantillano.com\/uno\/wp-json\/wp\/v2\/media?parent=78407"}],"wp:term":[{"taxonomy":"category","embeddable":true,"href":"https:\/\/eldiarioantillano.com\/uno\/wp-json\/wp\/v2\/categories?post=78407"},{"taxonomy":"post_tag","embeddable":true,"href":"https:\/\/eldiarioantillano.com\/uno\/wp-json\/wp\/v2\/tags?post=78407"}],"curies":[{"name":"wp","href":"https:\/\/api.w.org\/{rel}","templated":true}]}}