{"id":78404,"date":"2026-03-06T00:00:52","date_gmt":"2026-03-06T04:00:52","guid":{"rendered":"https:\/\/eldiarioantillano.com\/uno\/?p=78404"},"modified":"2026-03-05T22:36:38","modified_gmt":"2026-03-06T02:36:38","slug":"senado-reconoce-a-la-profesora-pilar-gomez","status":"publish","type":"post","link":"https:\/\/eldiarioantillano.com\/uno\/2026\/03\/06\/senado-reconoce-a-la-profesora-pilar-gomez\/","title":{"rendered":"Senado reconoce a la profesora Pilar G\u00f3mez"},"content":{"rendered":"<p>Es la sobreviviente de cuatro hermanas, reconocidas maestras de Montecristi. Labor\u00f3 tambi\u00e9n como secretaria de la distinguida directora Mariana Aguilera Grisanti (Se\u00f1orita Minona).<\/p>\n","protected":false},"excerpt":{"rendered":"<p>Es la sobreviviente de cuatro hermanas, reconocidas maestras de Montecristi. Labor\u00f3 tambi\u00e9n como secretaria de&hellip;<\/p>\n","protected":false},"author":2,"featured_media":78405,"comment_status":"closed","ping_status":"closed","sticky":false,"template":"","format":"video","meta":{"footnotes":""},"categories":[57],"tags":[],"class_list":["post-78404","post","type-post","status-publish","format-video","has-post-thumbnail","hentry","category-montecristi","post_format-post-format-video"],"_links":{"self":[{"href":"https:\/\/eldiarioantillano.com\/uno\/wp-json\/wp\/v2\/posts\/78404","targetHints":{"allow":["GET"]}}],"collection":[{"href":"https:\/\/eldiarioantillano.com\/uno\/wp-json\/wp\/v2\/posts"}],"about":[{"href":"https:\/\/eldiarioantillano.com\/uno\/wp-json\/wp\/v2\/types\/post"}],"author":[{"embeddable":true,"href":"https:\/\/eldiarioantillano.com\/uno\/wp-json\/wp\/v2\/users\/2"}],"replies":[{"embeddable":true,"href":"https:\/\/eldiarioantillano.com\/uno\/wp-json\/wp\/v2\/comments?post=78404"}],"version-history":[{"count":1,"href":"https:\/\/eldiarioantillano.com\/uno\/wp-json\/wp\/v2\/posts\/78404\/revisions"}],"predecessor-version":[{"id":78406,"href":"https:\/\/eldiarioantillano.com\/uno\/wp-json\/wp\/v2\/posts\/78404\/revisions\/78406"}],"wp:featuredmedia":[{"embeddable":true,"href":"https:\/\/eldiarioantillano.com\/uno\/wp-json\/wp\/v2\/media\/78405"}],"wp:attachment":[{"href":"https:\/\/eldiarioantillano.com\/uno\/wp-json\/wp\/v2\/media?parent=78404"}],"wp:term":[{"taxonomy":"category","embeddable":true,"href":"https:\/\/eldiarioantillano.com\/uno\/wp-json\/wp\/v2\/categories?post=78404"},{"taxonomy":"post_tag","embeddable":true,"href":"https:\/\/eldiarioantillano.com\/uno\/wp-json\/wp\/v2\/tags?post=78404"}],"curies":[{"name":"wp","href":"https:\/\/api.w.org\/{rel}","templated":true}]}}