{"id":78384,"date":"2026-03-06T00:00:28","date_gmt":"2026-03-06T04:00:28","guid":{"rendered":"https:\/\/eldiarioantillano.com\/uno\/?p=78384"},"modified":"2026-03-04T21:52:19","modified_gmt":"2026-03-05T01:52:19","slug":"tertulia-magaly-pineda-invita-a-conversar-sobre-mujer-y-esclavitud-en-la-colonia","status":"publish","type":"post","link":"https:\/\/eldiarioantillano.com\/uno\/2026\/03\/06\/tertulia-magaly-pineda-invita-a-conversar-sobre-mujer-y-esclavitud-en-la-colonia\/","title":{"rendered":"Tertulia Magaly Pineda invita a conversar sobre \u00abMujer y esclavitud en la colonia\u00bb"},"content":{"rendered":"<div id=\":bt\" class=\"ii gt\">\n<div id=\":bk\" class=\"a3s aiL\">\n<div id=\"avWBGd-190\">\n<div dir=\"auto\">En conmemoraci\u00f3n del 35 aniversario de su libro \u00abMujer y esclavitud en Santo Domingo\u00bb, la doctora Celsa Albert ayudar\u00e1 a reflexionar sobre sus vidas\u00a0 y legados, junto al antrop\u00f3logo Jonathan De \u00d3leo Montero este 12 de marzo, a partir de las 5 de la tarde en el Paraninfo de Humanidades de la Universidad Aut\u00f3noma de Santo Domingo.<\/div>\n<div class=\"yj6qo\"><\/div>\n<div class=\"adL\"><\/div>\n<\/div>\n<\/div>\n<\/div>\n<div id=\":bh\" class=\"hq gt\"><\/div>\n","protected":false},"excerpt":{"rendered":"<p>En conmemoraci\u00f3n del 35 aniversario de su libro \u00abMujer y esclavitud en Santo Domingo\u00bb, la&hellip;<\/p>\n","protected":false},"author":2,"featured_media":78381,"comment_status":"closed","ping_status":"closed","sticky":false,"template":"","format":"standard","meta":{"footnotes":""},"categories":[63],"tags":[],"class_list":["post-78384","post","type-post","status-publish","format-standard","has-post-thumbnail","hentry","category-cultura"],"_links":{"self":[{"href":"https:\/\/eldiarioantillano.com\/uno\/wp-json\/wp\/v2\/posts\/78384","targetHints":{"allow":["GET"]}}],"collection":[{"href":"https:\/\/eldiarioantillano.com\/uno\/wp-json\/wp\/v2\/posts"}],"about":[{"href":"https:\/\/eldiarioantillano.com\/uno\/wp-json\/wp\/v2\/types\/post"}],"author":[{"embeddable":true,"href":"https:\/\/eldiarioantillano.com\/uno\/wp-json\/wp\/v2\/users\/2"}],"replies":[{"embeddable":true,"href":"https:\/\/eldiarioantillano.com\/uno\/wp-json\/wp\/v2\/comments?post=78384"}],"version-history":[{"count":1,"href":"https:\/\/eldiarioantillano.com\/uno\/wp-json\/wp\/v2\/posts\/78384\/revisions"}],"predecessor-version":[{"id":78385,"href":"https:\/\/eldiarioantillano.com\/uno\/wp-json\/wp\/v2\/posts\/78384\/revisions\/78385"}],"wp:featuredmedia":[{"embeddable":true,"href":"https:\/\/eldiarioantillano.com\/uno\/wp-json\/wp\/v2\/media\/78381"}],"wp:attachment":[{"href":"https:\/\/eldiarioantillano.com\/uno\/wp-json\/wp\/v2\/media?parent=78384"}],"wp:term":[{"taxonomy":"category","embeddable":true,"href":"https:\/\/eldiarioantillano.com\/uno\/wp-json\/wp\/v2\/categories?post=78384"},{"taxonomy":"post_tag","embeddable":true,"href":"https:\/\/eldiarioantillano.com\/uno\/wp-json\/wp\/v2\/tags?post=78384"}],"curies":[{"name":"wp","href":"https:\/\/api.w.org\/{rel}","templated":true}]}}