{"id":78377,"date":"2026-03-05T00:10:37","date_gmt":"2026-03-05T04:10:37","guid":{"rendered":"https:\/\/eldiarioantillano.com\/uno\/?p=78377"},"modified":"2026-03-05T22:45:24","modified_gmt":"2026-03-06T02:45:24","slug":"conmemoremos-la-independencia-fortaleciendo-la-identidad-nacional-en-la-diaspora","status":"publish","type":"post","link":"https:\/\/eldiarioantillano.com\/uno\/2026\/03\/05\/conmemoremos-la-independencia-fortaleciendo-la-identidad-nacional-en-la-diaspora\/","title":{"rendered":"Conmemoremos la Independencia fortaleciendo la identidad nacional en la di\u00e1spora"},"content":{"rendered":"<p>Por LUIS MAYOBANEX RODR\u00cdGUEZ<br \/>\nActivista social y miembro fundador<br \/>\ndel movimiento Resistencia y Solidaridad (ReSo)<\/p>\n<p>&nbsp;<\/p>\n<p>Conmemorar la independencia nacional y hacerlo desde una perspectiva que consolide los valores m\u00e1s positivos de nuestra identidad como pueblo y naci\u00f3n es inseparable de la participaci\u00f3n de nuestra di\u00e1spora.<\/p>\n<p>Ignorarla, como hasta ahora han hecho los gobiernos conocidos, es continuar con celebraciones fofas que disminuyen y convierten en simples caricaturas todo lo que simboliza la Patria.<\/p>\n<p>Por eso, a los representantes consulares y de otras instancias oficiales jam\u00e1s se les ha ocurrido peque\u00f1as pero simb\u00f3licas iniciativas, como la de erigir de forma permanente la bandera dominicana en lugares simb\u00f3licos como el de la estatua de Juan Pablo Duarte, ubicada en la Sexta Avenida y Canal Street, y el Tri\u00e1ngulo con su nombre situado en la intersecci\u00f3n de Broadway y Saint Nicholas a Esquina calle 170, en Washington Heights.<\/p>\n<p>No reparan siquiera en darle un uso m\u00e1s efectivo a la Direcci\u00f3n de Cultura Dominicana en el Exterior, la que tiene como misi\u00f3n difundir, promover y preservar nuestra identidad, para lo cual es crucial el trabajo directo con los j\u00f3venes dominicanos sean por origen o descendencia.<\/p>\n<p>Su proceder es m\u00e1s cr\u00edtico, dado que en el caso de Nueva York su local se encuentra en el coraz\u00f3n de la comunidad y no se le ocurre buscar acuerdos con escuelas del barrio y las autoridades educativas para que en fecha como la Independencia Nacional se facilite a los estudiantes, mayor\u00eda dominicanos, a disfrutar y aprender de actividades como la actual y bella exposici\u00f3n de fotos y m\u00e1scaras de nuestras tradiciones carnavalescas.<\/p>\n<p>Aunque parezca que es mucho esperar de la representaci\u00f3n oficial del pa\u00eds, algo trascendente que pueden contribuir a realizar es que se contemplen en los programas acad\u00e9micos de las universidades p\u00fablicas de Nueva York cursos sobre cultura, historia y sociedad dominicana, tal y como por a\u00f1os ha estado reclamando el educador e historiador Anthony Steven Acevedo.<\/p>\n<p>Esa es una forma concreta de fortalecer y preservar la identidad nacional, no tan solo gritando roba la gallina.<\/p>\n<p>Obvio que para una iniciativa como esta se requiere de una participaci\u00f3n fundamental de los oficiales electos de la ciudad, sobre todo los de origen dominicano.<\/p>\n<p>Procede indicar que las decenas de miles de estudiantes dominicanos\/as representan una parte importante del estudiantado en el CUNY.<\/p>\n","protected":false},"excerpt":{"rendered":"<p>Por LUIS MAYOBANEX RODR\u00cdGUEZ Activista social y miembro fundador del movimiento Resistencia y Solidaridad (ReSo)&hellip;<\/p>\n","protected":false},"author":2,"featured_media":70833,"comment_status":"closed","ping_status":"closed","sticky":false,"template":"","format":"standard","meta":{"footnotes":""},"categories":[160,55,51],"tags":[],"class_list":["post-78377","post","type-post","status-publish","format-standard","has-post-thumbnail","hentry","category-luis-mayobanex-rodriguez","category-nacionales","category-opinion"],"_links":{"self":[{"href":"https:\/\/eldiarioantillano.com\/uno\/wp-json\/wp\/v2\/posts\/78377","targetHints":{"allow":["GET"]}}],"collection":[{"href":"https:\/\/eldiarioantillano.com\/uno\/wp-json\/wp\/v2\/posts"}],"about":[{"href":"https:\/\/eldiarioantillano.com\/uno\/wp-json\/wp\/v2\/types\/post"}],"author":[{"embeddable":true,"href":"https:\/\/eldiarioantillano.com\/uno\/wp-json\/wp\/v2\/users\/2"}],"replies":[{"embeddable":true,"href":"https:\/\/eldiarioantillano.com\/uno\/wp-json\/wp\/v2\/comments?post=78377"}],"version-history":[{"count":1,"href":"https:\/\/eldiarioantillano.com\/uno\/wp-json\/wp\/v2\/posts\/78377\/revisions"}],"predecessor-version":[{"id":78378,"href":"https:\/\/eldiarioantillano.com\/uno\/wp-json\/wp\/v2\/posts\/78377\/revisions\/78378"}],"wp:featuredmedia":[{"embeddable":true,"href":"https:\/\/eldiarioantillano.com\/uno\/wp-json\/wp\/v2\/media\/70833"}],"wp:attachment":[{"href":"https:\/\/eldiarioantillano.com\/uno\/wp-json\/wp\/v2\/media?parent=78377"}],"wp:term":[{"taxonomy":"category","embeddable":true,"href":"https:\/\/eldiarioantillano.com\/uno\/wp-json\/wp\/v2\/categories?post=78377"},{"taxonomy":"post_tag","embeddable":true,"href":"https:\/\/eldiarioantillano.com\/uno\/wp-json\/wp\/v2\/tags?post=78377"}],"curies":[{"name":"wp","href":"https:\/\/api.w.org\/{rel}","templated":true}]}}