{"id":78369,"date":"2026-03-03T23:04:12","date_gmt":"2026-03-04T03:04:12","guid":{"rendered":"https:\/\/eldiarioantillano.com\/uno\/?p=78369"},"modified":"2026-03-03T23:04:12","modified_gmt":"2026-03-04T03:04:12","slug":"casa-de-teatro-presenta-su-ciclo-de-cine-2026","status":"publish","type":"post","link":"https:\/\/eldiarioantillano.com\/uno\/2026\/03\/03\/casa-de-teatro-presenta-su-ciclo-de-cine-2026\/","title":{"rendered":"Casa de Teatro presenta su ciclo de cine 2026"},"content":{"rendered":"<p><strong>SANTO DOMINGO.- Casa de Teatro <\/strong>anuncia el arranque de su ciclo cinematogr\u00e1fico 2026, una programaci\u00f3n que re\u00fane veinte obras del cine dominicano reciente y que se extender\u00e1 cada martes desde el 3 de marzo hasta el 28 de julio. Con una selecci\u00f3n que abarca largometrajes de ficci\u00f3n, documentales y estrenos nacionales, el ciclo afirma la vocaci\u00f3n de Casa de Teatro como espacio de encuentro entre el p\u00fablico y las voces m\u00e1s vitales del audiovisual dominicano contempor\u00e1neo.<\/p>\n<p>La programaci\u00f3n, que se exhibir\u00e1 en la sede hist\u00f3rica de Casa de Teatro en el barrio colonial de Santo Domingo, incluye obras que han recorrido festivales internacionales de primer nivel \u2014Rotterdam, Locarno, La Habana, Nueva York\u2014 junto a producciones de estreno que se presentar\u00e1n por primera vez ante el p\u00fablico dominicano.<\/p>\n<p>El ciclo arranca en marzo con cuatro t\u00edtulos fundamentales: <em>Cocote <\/em>(Nelson Carlo de los Santos Arias), ganadora del galard\u00f3n FIPRESCI en Rotterdam 2017 y reconocida internacionalmente como una de las obras m\u00e1s singulares del cine caribe\u00f1o reciente; <em>Bachata de Bionico <\/em>(Yoel Morales), retrato musical de uno de los grandes de la bachata dominicana; <em>Liborio <\/em>(Nino Mart\u00ednez Sosa), mirada al m\u00edtico l\u00edder campesino del siglo XX; y <em>Sol en el Agua <\/em>(Francisco Valdez).<\/p>\n<p>Abril presenta una diversidad notable de registros: el documental <em>Fot\u00f3grafo de la 40 <\/em>(Erika Santelices &amp; Orlando Barr\u00eda), la historia de amor <em>Rafaela <\/em>(Tito Rodr\u00edguez), la coproducci\u00f3n internacional <em>Sugar Island <\/em>(Johanne Gomez Terrero) y <em>El Trayecto <\/em>(Francisco Valdez). Mayo contin\u00faa con <em>El D\u00eda de la Tormenta <\/em>(Alexander Viola), el documental musical <em>Vals de Santo Domingo <\/em>(Tatiana Fern\u00e1ndez Geara) y <em>Tiempo y Forma <\/em>(Miguel Yarul &amp; Francisco Valdez).<\/p>\n<p>Junio acoge cinco t\u00edtulos: <em>Olivia en las Nubes <\/em>(Tom\u00e1s Pichardo-Espaillat), <em>Naturalista Isle\u00f1o <\/em>(Freddy A. Ginebra &amp; Eladio Fern\u00e1ndez), <em>Kacimiro <\/em>(Boynayel Mota), <em>La Hembrita <\/em>(Laura Amelia Guzm\u00e1n) y <em>Dando Pelo<\/em>. El ciclo cierra en julio con tres estrenos: <em>Muerte por Mil Cortes <\/em>(Jake Kheel &amp; Juan Mej\u00eda Botero), <em>Rep\u00fablica de la Pelota II <\/em>(Nelson Gonz\u00e1lez), <em>Mi Les Paul <\/em>(Francisco Valdez) y <em>Tragedia Rosa <\/em>(Eladio Fern\u00e1ndez).<\/p>\n<p>&nbsp;<\/p>\n<p><strong>Tres estrenos cierran el ciclo en julio<\/strong><\/p>\n<p>El mes de julio convierte las proyecciones en eventos especiales al presentar tres pel\u00edculas en estreno nacional. <em>Rep\u00fablica de la Pelota II<\/em>, de Nelson Gonz\u00e1lez, regresa al universo del b\u00e9isbol dominicano que ya explor\u00f3 en la primera entrega. <em>Mi Les Paul<\/em>, de Francisco Valdez \u2014el cineasta m\u00e1s prol\u00edfico de esta programaci\u00f3n con cuatro t\u00edtulos\u2014, es una carta de amor a la guitarra el\u00e9ctrica y a la m\u00fasica. Cierra el ciclo <em>Tragedia Rosa<\/em>, de Eladio Fern\u00e1ndez. Las tres proyecciones de estreno contar\u00e1n con presentaci\u00f3n especial y posible presencia de sus realizadores.<\/p>\n<p>&nbsp;<\/p>\n<p><strong>Sobre Casa de Teatro<\/strong><\/p>\n<p>Fundada en 1974, Casa de Teatro es una de las instituciones culturales independientes m\u00e1s longevas y activas de la Rep\u00fablica Dominicana. Desde su sede en la Zona Colonial de Santo Domingo \u2014Patrimonio de la Humanidad por la UNESCO\u2014 ha sido escenario de generaciones de artistas dominicanos y espacio de difusi\u00f3n de la cultura latinoamericana y caribe\u00f1a. Su ciclo de cine se ha consolidado como una de las pocas plataformas del pa\u00eds dedicadas sistem\u00e1ticamente a la exhibici\u00f3n del audiovisual dominicano.<\/p>\n<p>Las entradas para cada funci\u00f3n estar\u00e1n disponibles a trav\u00e9s de tix.do, plataforma l\u00edder de venta de taquilla en la Rep\u00fablica Dominicana. En un gesto que reafirma el compromiso de Casa de Teatro con el ecosistema audiovisual local, el 80% de la recaudaci\u00f3n de taquilla ser\u00e1 entregado directamente a los productores de cada pel\u00edcula. Este modelo de distribuci\u00f3n busca apoyar de manera concreta la sostenibilidad del cine dominicano, devolviendo a sus realizadores el fruto del encuentro con su p\u00fablico.<\/p>\n<p>&nbsp;<\/p>\n<p>DATOS DEL EVENTO<\/p>\n<p>Ciclo: Cine Casa de Teatro 2026<\/p>\n<p>Fechas: Martes, 3 de marzo \u2013 28 de julio de 2026<\/p>\n<p>D\u00eda: Todos los martes<\/p>\n<p>Lugar: Casa de Teatro, Zona Colonial, Santo Domingo<\/p>\n<p>Pel\u00edculas: 20 t\u00edtulos (ficci\u00f3n y documental)<\/p>\n<p>Estrenos: 3 (julio 2026)<\/p>\n<p>Venta de entradas: tix.do<\/p>\n<p>Taquilla: El 80% de la recaudaci\u00f3n se destina directamente a los productores de cada pel\u00edcula<\/p>\n<p>&nbsp;<\/p>\n<p>&nbsp;<\/p>\n","protected":false},"excerpt":{"rendered":"<p>SANTO DOMINGO.- Casa de Teatro anuncia el arranque de su ciclo cinematogr\u00e1fico 2026, una programaci\u00f3n&hellip;<\/p>\n","protected":false},"author":2,"featured_media":78370,"comment_status":"closed","ping_status":"closed","sticky":false,"template":"","format":"standard","meta":{"footnotes":""},"categories":[63],"tags":[],"class_list":["post-78369","post","type-post","status-publish","format-standard","has-post-thumbnail","hentry","category-cultura"],"_links":{"self":[{"href":"https:\/\/eldiarioantillano.com\/uno\/wp-json\/wp\/v2\/posts\/78369","targetHints":{"allow":["GET"]}}],"collection":[{"href":"https:\/\/eldiarioantillano.com\/uno\/wp-json\/wp\/v2\/posts"}],"about":[{"href":"https:\/\/eldiarioantillano.com\/uno\/wp-json\/wp\/v2\/types\/post"}],"author":[{"embeddable":true,"href":"https:\/\/eldiarioantillano.com\/uno\/wp-json\/wp\/v2\/users\/2"}],"replies":[{"embeddable":true,"href":"https:\/\/eldiarioantillano.com\/uno\/wp-json\/wp\/v2\/comments?post=78369"}],"version-history":[{"count":1,"href":"https:\/\/eldiarioantillano.com\/uno\/wp-json\/wp\/v2\/posts\/78369\/revisions"}],"predecessor-version":[{"id":78371,"href":"https:\/\/eldiarioantillano.com\/uno\/wp-json\/wp\/v2\/posts\/78369\/revisions\/78371"}],"wp:featuredmedia":[{"embeddable":true,"href":"https:\/\/eldiarioantillano.com\/uno\/wp-json\/wp\/v2\/media\/78370"}],"wp:attachment":[{"href":"https:\/\/eldiarioantillano.com\/uno\/wp-json\/wp\/v2\/media?parent=78369"}],"wp:term":[{"taxonomy":"category","embeddable":true,"href":"https:\/\/eldiarioantillano.com\/uno\/wp-json\/wp\/v2\/categories?post=78369"},{"taxonomy":"post_tag","embeddable":true,"href":"https:\/\/eldiarioantillano.com\/uno\/wp-json\/wp\/v2\/tags?post=78369"}],"curies":[{"name":"wp","href":"https:\/\/api.w.org\/{rel}","templated":true}]}}