{"id":78361,"date":"2026-03-03T00:05:46","date_gmt":"2026-03-03T04:05:46","guid":{"rendered":"https:\/\/eldiarioantillano.com\/uno\/?p=78361"},"modified":"2026-03-03T14:58:35","modified_gmt":"2026-03-03T18:58:35","slug":"la-jce-imparte-conferencia-sobre-la-nueva-cedula-en-la-universidad-nordestana","status":"publish","type":"post","link":"https:\/\/eldiarioantillano.com\/uno\/2026\/03\/03\/la-jce-imparte-conferencia-sobre-la-nueva-cedula-en-la-universidad-nordestana\/","title":{"rendered":"La JCE imparte conferencia sobre la nueva c\u00e9dula en la Universidad Nordestana"},"content":{"rendered":"<p><strong>San Francisco de Macor\u00eds<\/strong>. &#8211; La Junta Central Electoral (<strong>JCE<\/strong>) imparti\u00f3 este lunes la conferencia titulada \u201c<em><strong>La nueva c\u00e9dula de identidad y electoral dominicana<\/strong><\/em>\u201d en el Teatro Regional del Nordeste, Campus de la Universidad Cat\u00f3lica Nordestana (<strong>UCNE<\/strong>), dirigida a estudiantes y al personal docente de la casa de altos estudios, ponencia que estuvo a cargo de Am\u00e9rico Rodr\u00edguez, director nacional de Cedulaci\u00f3n.<\/p>\n<p>La actividad cont\u00f3 con la presencia de los miembros suplentes del Pleno de la JCE: Cristian Perdomo Hern\u00e1ndez, Anibelca Rosario Rosario, Mar\u00eda Estela de Le\u00f3n Veloz y Tony Tejada; Am\u00e9rico Rodr\u00edguez, Director Nacional de Cedulaci\u00f3n, y el Reverendo Padre Isaac Garc\u00eda, Rector de la UCNE.<\/p>\n<p>Se dieron cita Martin Ortega Then, en su doble funci\u00f3n de presidente de la Junta Electoral en San Francisco de Macor\u00eds y consultor jur\u00eddico de la UCNE; Michael Fr\u00edas, secretario administrativo; Betty Vargas, encargada del Centro de Cedulaci\u00f3n; Lina Mendoza, oficial del Estado Civil de la Primera Circunscripci\u00f3n y Ana Celia Cabrera, oficial del Estado Civil de la Segunda Circunscripci\u00f3n.<\/p>\n<p>En representaci\u00f3n del Instituto Especializado Superior en Formaci\u00f3n Pol\u00edtica Electoral y del Estado Civil (IESPEC), estuvieron presentes Felipe Carvajal de los Santos, rector; Daiyud Bret\u00f3n Alba, vicerrectora acad\u00e9mica y Vladimir Roz\u00f3n Garc\u00eda, vicerrector de Vinculaci\u00f3n y Responsabilidad Social.<\/p>\n<p><strong>Sobre la conferencia<\/strong><\/p>\n<p>El director nacional de Cedulaci\u00f3n, Am\u00e9rico Rodr\u00edguez, puso de manifiesto durante la conferencia el compromiso asumido por el Pleno de la JCE y las labores realizadas por cada una de las direcciones involucradas en el proceso, con el objetivo de lograr un proceso sin precedentes.<\/p>\n<p>En sus palabras, Rodr\u00edguez destac\u00f3 el objetivo, caracter\u00edsticas t\u00e9cnicas y la parte operativa que involucra el proceso de la nueva c\u00e9dula de identidad y c\u00e9dula de identidad y electoral. Asimismo, enfatiz\u00f3 sobre la vigencia del nuevo documento de identidad, indicando que:\u00a0 de 16 a 18 a\u00f1os, se da la primera renovaci\u00f3n al cumplir la mayor\u00eda de edad; de 18 a 35 a\u00f1os de edad, la nueva c\u00e9dula tendr\u00e1 una vigencia de 12 a\u00f1os; de 36 a 60 a\u00f1os, ser\u00e1n 16 a\u00f1os de vigencia; y de 61 a\u00f1os en adelante, 20 a\u00f1os de vigencia.<\/p>\n<p>En tanto que el reverendo padre Isaac Ram\u00edrez, agradeci\u00f3 a los presentes y de manera especial a la JCE por impulsar la iniciativa de llevar esta conferencia a la universidad, a la vez que resalt\u00f3 el orgullo por ser anfitriones del encuentro que catalog\u00f3 como un tema de trascendencia nacional \u201c<em>sobre un documento que no solo habla del avance y desarrollo tecnol\u00f3gico, sino que representa un paso firme a la consolidaci\u00f3n de la democracia del pa\u00eds<\/em>\u201d.<\/p>\n<p>Finalmente, Felipe Carvajal de los Santos, rector del IESPEC, resalt\u00f3 la importancia de sostener este tipo de encuentros pedag\u00f3gicos, que constituyen una iniciativa que no solo representa un avance tecnol\u00f3gico, sino que constituye la llave de acceso a los derechos fundamentales de la ciudadan\u00eda.<\/p>\n","protected":false},"excerpt":{"rendered":"<p>San Francisco de Macor\u00eds. &#8211; La Junta Central Electoral (JCE) imparti\u00f3 este lunes la conferencia&hellip;<\/p>\n","protected":false},"author":2,"featured_media":78362,"comment_status":"closed","ping_status":"closed","sticky":false,"template":"","format":"standard","meta":{"footnotes":""},"categories":[55],"tags":[],"class_list":["post-78361","post","type-post","status-publish","format-standard","has-post-thumbnail","hentry","category-nacionales"],"_links":{"self":[{"href":"https:\/\/eldiarioantillano.com\/uno\/wp-json\/wp\/v2\/posts\/78361","targetHints":{"allow":["GET"]}}],"collection":[{"href":"https:\/\/eldiarioantillano.com\/uno\/wp-json\/wp\/v2\/posts"}],"about":[{"href":"https:\/\/eldiarioantillano.com\/uno\/wp-json\/wp\/v2\/types\/post"}],"author":[{"embeddable":true,"href":"https:\/\/eldiarioantillano.com\/uno\/wp-json\/wp\/v2\/users\/2"}],"replies":[{"embeddable":true,"href":"https:\/\/eldiarioantillano.com\/uno\/wp-json\/wp\/v2\/comments?post=78361"}],"version-history":[{"count":2,"href":"https:\/\/eldiarioantillano.com\/uno\/wp-json\/wp\/v2\/posts\/78361\/revisions"}],"predecessor-version":[{"id":78364,"href":"https:\/\/eldiarioantillano.com\/uno\/wp-json\/wp\/v2\/posts\/78361\/revisions\/78364"}],"wp:featuredmedia":[{"embeddable":true,"href":"https:\/\/eldiarioantillano.com\/uno\/wp-json\/wp\/v2\/media\/78362"}],"wp:attachment":[{"href":"https:\/\/eldiarioantillano.com\/uno\/wp-json\/wp\/v2\/media?parent=78361"}],"wp:term":[{"taxonomy":"category","embeddable":true,"href":"https:\/\/eldiarioantillano.com\/uno\/wp-json\/wp\/v2\/categories?post=78361"},{"taxonomy":"post_tag","embeddable":true,"href":"https:\/\/eldiarioantillano.com\/uno\/wp-json\/wp\/v2\/tags?post=78361"}],"curies":[{"name":"wp","href":"https:\/\/api.w.org\/{rel}","templated":true}]}}