{"id":78359,"date":"2026-03-03T00:00:15","date_gmt":"2026-03-03T04:00:15","guid":{"rendered":"https:\/\/eldiarioantillano.com\/uno\/?p=78359"},"modified":"2026-03-02T22:23:23","modified_gmt":"2026-03-03T02:23:23","slug":"albaniles-de-santiago-reclaman-devolucion-de-local-ocupado-por-gervasio-de-la-rosa","status":"publish","type":"post","link":"https:\/\/eldiarioantillano.com\/uno\/2026\/03\/03\/albaniles-de-santiago-reclaman-devolucion-de-local-ocupado-por-gervasio-de-la-rosa\/","title":{"rendered":"Alba\u00f1iles de Santiago reclaman devoluci\u00f3n de local ocupado por Gervasio de la Rosa"},"content":{"rendered":"<p>La denuncia consiste en que el Sindicato Unido de Trabajadores de la Construcci\u00f3n de Santiago alquil\u00f3 hace a\u00f1os una parte de su local al empresario del transporte Gervasio de la Rosa y este, haciendo uso de su poder, de la violencia y el dinero, se ha apoderado del valioso establecimiento entero. El caso est\u00e1 en los tribunales, pero los jueces, presionados por Gervasio, a\u00fan no entregan el edificio. Los alba\u00f1iles exigen a las autoridades que les entreguen su local, que cost\u00f3 mucho sacrificio.<\/p>\n","protected":false},"excerpt":{"rendered":"<p>La denuncia consiste en que el Sindicato Unido de Trabajadores de la Construcci\u00f3n de Santiago&hellip;<\/p>\n","protected":false},"author":2,"featured_media":78345,"comment_status":"closed","ping_status":"closed","sticky":false,"template":"","format":"gallery","meta":{"footnotes":""},"categories":[55],"tags":[],"class_list":["post-78359","post","type-post","status-publish","format-gallery","has-post-thumbnail","hentry","category-nacionales","post_format-post-format-gallery"],"_links":{"self":[{"href":"https:\/\/eldiarioantillano.com\/uno\/wp-json\/wp\/v2\/posts\/78359","targetHints":{"allow":["GET"]}}],"collection":[{"href":"https:\/\/eldiarioantillano.com\/uno\/wp-json\/wp\/v2\/posts"}],"about":[{"href":"https:\/\/eldiarioantillano.com\/uno\/wp-json\/wp\/v2\/types\/post"}],"author":[{"embeddable":true,"href":"https:\/\/eldiarioantillano.com\/uno\/wp-json\/wp\/v2\/users\/2"}],"replies":[{"embeddable":true,"href":"https:\/\/eldiarioantillano.com\/uno\/wp-json\/wp\/v2\/comments?post=78359"}],"version-history":[{"count":1,"href":"https:\/\/eldiarioantillano.com\/uno\/wp-json\/wp\/v2\/posts\/78359\/revisions"}],"predecessor-version":[{"id":78360,"href":"https:\/\/eldiarioantillano.com\/uno\/wp-json\/wp\/v2\/posts\/78359\/revisions\/78360"}],"wp:featuredmedia":[{"embeddable":true,"href":"https:\/\/eldiarioantillano.com\/uno\/wp-json\/wp\/v2\/media\/78345"}],"wp:attachment":[{"href":"https:\/\/eldiarioantillano.com\/uno\/wp-json\/wp\/v2\/media?parent=78359"}],"wp:term":[{"taxonomy":"category","embeddable":true,"href":"https:\/\/eldiarioantillano.com\/uno\/wp-json\/wp\/v2\/categories?post=78359"},{"taxonomy":"post_tag","embeddable":true,"href":"https:\/\/eldiarioantillano.com\/uno\/wp-json\/wp\/v2\/tags?post=78359"}],"curies":[{"name":"wp","href":"https:\/\/api.w.org\/{rel}","templated":true}]}}