{"id":78135,"date":"2026-02-22T00:00:43","date_gmt":"2026-02-22T04:00:43","guid":{"rendered":"https:\/\/eldiarioantillano.com\/uno\/?p=78135"},"modified":"2026-02-21T19:53:13","modified_gmt":"2026-02-21T23:53:13","slug":"haran-exposicion-sobre-autismo-en-centro-agora-mall","status":"publish","type":"post","link":"https:\/\/eldiarioantillano.com\/uno\/2026\/02\/22\/haran-exposicion-sobre-autismo-en-centro-agora-mall\/","title":{"rendered":"Har\u00e1n exposici\u00f3n sobre autismo en centro \u00c1gora Mall"},"content":{"rendered":"","protected":false},"excerpt":{"rendered":"","protected":false},"author":2,"featured_media":78131,"comment_status":"closed","ping_status":"closed","sticky":false,"template":"","format":"gallery","meta":{"footnotes":""},"categories":[63],"tags":[],"class_list":["post-78135","post","type-post","status-publish","format-gallery","has-post-thumbnail","hentry","category-cultura","post_format-post-format-gallery"],"_links":{"self":[{"href":"https:\/\/eldiarioantillano.com\/uno\/wp-json\/wp\/v2\/posts\/78135","targetHints":{"allow":["GET"]}}],"collection":[{"href":"https:\/\/eldiarioantillano.com\/uno\/wp-json\/wp\/v2\/posts"}],"about":[{"href":"https:\/\/eldiarioantillano.com\/uno\/wp-json\/wp\/v2\/types\/post"}],"author":[{"embeddable":true,"href":"https:\/\/eldiarioantillano.com\/uno\/wp-json\/wp\/v2\/users\/2"}],"replies":[{"embeddable":true,"href":"https:\/\/eldiarioantillano.com\/uno\/wp-json\/wp\/v2\/comments?post=78135"}],"version-history":[{"count":2,"href":"https:\/\/eldiarioantillano.com\/uno\/wp-json\/wp\/v2\/posts\/78135\/revisions"}],"predecessor-version":[{"id":78146,"href":"https:\/\/eldiarioantillano.com\/uno\/wp-json\/wp\/v2\/posts\/78135\/revisions\/78146"}],"wp:featuredmedia":[{"embeddable":true,"href":"https:\/\/eldiarioantillano.com\/uno\/wp-json\/wp\/v2\/media\/78131"}],"wp:attachment":[{"href":"https:\/\/eldiarioantillano.com\/uno\/wp-json\/wp\/v2\/media?parent=78135"}],"wp:term":[{"taxonomy":"category","embeddable":true,"href":"https:\/\/eldiarioantillano.com\/uno\/wp-json\/wp\/v2\/categories?post=78135"},{"taxonomy":"post_tag","embeddable":true,"href":"https:\/\/eldiarioantillano.com\/uno\/wp-json\/wp\/v2\/tags?post=78135"}],"curies":[{"name":"wp","href":"https:\/\/api.w.org\/{rel}","templated":true}]}}