{"id":78076,"date":"2026-02-18T00:00:08","date_gmt":"2026-02-18T04:00:08","guid":{"rendered":"https:\/\/eldiarioantillano.com\/uno\/?p=78076"},"modified":"2026-02-17T23:18:27","modified_gmt":"2026-02-18T03:18:27","slug":"catalejo-el-imperio-no-es-eterno","status":"publish","type":"post","link":"https:\/\/eldiarioantillano.com\/uno\/2026\/02\/18\/catalejo-el-imperio-no-es-eterno\/","title":{"rendered":"CATALEJO: El imperio no es eterno"},"content":{"rendered":"<p>Por ANULFO MATEO P\u00c9REZ<\/p>\n<p>Fidel Castro, l\u00edder hist\u00f3rico de la Revoluci\u00f3n Cubana, sostuvo con firme insistencia, que el imperialismo estadounidense no era una estructura permanente, sino un fen\u00f3meno condenado al desgaste. No lo plante\u00f3 como consigna ideol\u00f3gica, sino como conclusi\u00f3n pol\u00edtica del an\u00e1lisis del poder.<\/p>\n<p>En el acto por el XX aniversario del asalto al cuartel Moncada, en Santiago de Cuba, el 26 de julio de 1973, cuando EE.UU. se hallaba en la c\u00faspide de su hegemon\u00eda global, afirm\u00f3: \u00abEl imperialismo no es invencible\u00bb.<\/p>\n<p>La frase desmontaba la idea de un poder absoluto y eterno, anunciando la vulnerabilidad estructural del sistema capitalista. En un contexto distinto, tras la desintegraci\u00f3n de la Uni\u00f3n Sovi\u00e9tica, Fidel volvi\u00f3 sobre el tema.<\/p>\n<p>En la clausura del IV Congreso del Partido Comunista de Cuba, el 10 de octubre de 1991, advirti\u00f3: \u00abNing\u00fan sistema basado en la explotaci\u00f3n, el privilegio y la injusticia puede sostenerse indefinidamente\u00bb.<\/p>\n<p>M\u00e1s adelante, cuando las guerras de Afganist\u00e1n e Irak erosionaban la imagen internacional de Washington, Fidel precis\u00f3 el n\u00facleo del problema.<\/p>\n<p>En la Universidad de La Habana, el 17 de noviembre de 2005, sostuvo: \u00abLos imperios no caen por falta de armas, sino por la p\u00e9rdida de autoridad moral\u00bb. El poder militar, sin legitimidad, se convierte en lastre.<\/p>\n<p>Hoy, el endeudamiento colosal, la polarizaci\u00f3n interna, el declive del d\u00f3lar, el fracaso de las sanciones y las guerras por delegaci\u00f3n confirman aquel diagn\u00f3stico. El imperialismo ya no persuade; presiona. Ya no lidera; castiga.<\/p>\n<p>Fidel no anunci\u00f3 un final inmediato, sino un proceso hist\u00f3rico irreversible. Los imperios no se derrumban de golpe: se vac\u00edan por dentro. El imperialismo no est\u00e1 cayendo porque Fidel lo haya anunciado, sino por su naturaleza infame.<\/p>\n","protected":false},"excerpt":{"rendered":"<p>Por ANULFO MATEO P\u00c9REZ Fidel Castro, l\u00edder hist\u00f3rico de la Revoluci\u00f3n Cubana, sostuvo con firme&hellip;<\/p>\n","protected":false},"author":2,"featured_media":64779,"comment_status":"closed","ping_status":"closed","sticky":false,"template":"","format":"standard","meta":{"footnotes":""},"categories":[54,52,51],"tags":[],"class_list":["post-78076","post","type-post","status-publish","format-standard","has-post-thumbnail","hentry","category-anulfo-mateo","category-internacionales","category-opinion"],"_links":{"self":[{"href":"https:\/\/eldiarioantillano.com\/uno\/wp-json\/wp\/v2\/posts\/78076","targetHints":{"allow":["GET"]}}],"collection":[{"href":"https:\/\/eldiarioantillano.com\/uno\/wp-json\/wp\/v2\/posts"}],"about":[{"href":"https:\/\/eldiarioantillano.com\/uno\/wp-json\/wp\/v2\/types\/post"}],"author":[{"embeddable":true,"href":"https:\/\/eldiarioantillano.com\/uno\/wp-json\/wp\/v2\/users\/2"}],"replies":[{"embeddable":true,"href":"https:\/\/eldiarioantillano.com\/uno\/wp-json\/wp\/v2\/comments?post=78076"}],"version-history":[{"count":1,"href":"https:\/\/eldiarioantillano.com\/uno\/wp-json\/wp\/v2\/posts\/78076\/revisions"}],"predecessor-version":[{"id":78077,"href":"https:\/\/eldiarioantillano.com\/uno\/wp-json\/wp\/v2\/posts\/78076\/revisions\/78077"}],"wp:featuredmedia":[{"embeddable":true,"href":"https:\/\/eldiarioantillano.com\/uno\/wp-json\/wp\/v2\/media\/64779"}],"wp:attachment":[{"href":"https:\/\/eldiarioantillano.com\/uno\/wp-json\/wp\/v2\/media?parent=78076"}],"wp:term":[{"taxonomy":"category","embeddable":true,"href":"https:\/\/eldiarioantillano.com\/uno\/wp-json\/wp\/v2\/categories?post=78076"},{"taxonomy":"post_tag","embeddable":true,"href":"https:\/\/eldiarioantillano.com\/uno\/wp-json\/wp\/v2\/tags?post=78076"}],"curies":[{"name":"wp","href":"https:\/\/api.w.org\/{rel}","templated":true}]}}