{"id":78043,"date":"2026-02-17T00:00:04","date_gmt":"2026-02-17T04:00:04","guid":{"rendered":"https:\/\/eldiarioantillano.com\/uno\/?p=78043"},"modified":"2026-02-16T22:48:12","modified_gmt":"2026-02-17T02:48:12","slug":"cooperativa-vega-real-presento-la-edicion-especial-huella-real-en-honor-a-la-magistrada-arelis-ricourt-gomez","status":"publish","type":"post","link":"https:\/\/eldiarioantillano.com\/uno\/2026\/02\/17\/cooperativa-vega-real-presento-la-edicion-especial-huella-real-en-honor-a-la-magistrada-arelis-ricourt-gomez\/","title":{"rendered":"Cooperativa Vega Real present\u00f3 la edici\u00f3n especial \u00abHuella Real\u00bb en honor a la Magistrada Arelis Ricourt G\u00f3mez"},"content":{"rendered":"<p><strong>La Vega, Rep\u00fablica Dominicana.<\/strong>\u00a0En un acto solemne,<strong> Yanio Concepci\u00f3n<\/strong>\u00a0destac\u00f3 como la trayectoria de la Mag. Ricourt encarna los valores que sustentan la instituci\u00f3n: solidaridad, \u00e9tica, servicio y compromiso social; evidenciando una integridad que inspira a una nueva generaci\u00f3n y juristas.<\/p>\n<p>La semblanza le\u00edda por la\u00a0<strong>Mag. B\u00e1rbara M\u00f3nica Batista Batle<\/strong> recorri\u00f3 los hitos de m\u00e1s de tres d\u00e9cadas de labor judicial de la Mag. Ricourt, marcada por la imparcialidad, la firmeza y una profunda visi\u00f3n humana de la justicia. Su labor ha sido testimonio constante de lo que significa ejercer la m\u00e1s alta funci\u00f3n jurisdiccional con equilibrio, firmeza, equidad y la \u00e9tica que distingue a los grandes magistrados de la historia judicial del pa\u00eds.<\/p>\n<p>Por su parte, la\u00a0<strong>Magistrada Arelis Ricourt G\u00f3mez<\/strong> con serenidad agradeci\u00f3 el homenaje y la oportunidad que la vida le ha brindado de servir al pa\u00eds desde la judicatura. Expres\u00f3 que recibir este reconocimiento es una evidencia de que la funci\u00f3n judicial trasciende los tribunales, toca vida, orienta rumbos y moldea la confianza de un pa\u00eds. \u201cHe servido al pa\u00eds por m\u00e1s de 3 d\u00e9cadas al sistema de justicia desde distintos frentes, convencida de que la verdadera independencia judicial no se proclama, se demuestra. Cada decisi\u00f3n, cada formaci\u00f3n impartida, cada proyecto impulsado ha tenido una sola br\u00fajula, fortalecer la confianza ciudadana en el estado de derecho\u201d, manifest\u00f3 la Magistrada con visible emoci\u00f3n. Finaliz\u00f3 diciendo que la justicia s\u00f3lo es posible cuando la dignidad humana es el centro, y que la Rep. Dom. demanda una justicia m\u00e1s humana desde una mirada moderna. Enfatiz\u00f3 que no basta con administrar justicia, debemos construir confianza; no basta con resolver expedientes, debemos construir soluciones; no basta con interpretar la ley, debemos entender la realidad social a la que esa ley sirve. \u201cEsa es la justicia que el pa\u00eds reclama y la que seguir\u00e9 defendiendo\u201d, finaliz\u00f3.<\/p>\n<p><strong>Yanio Concepci\u00f3n<\/strong> entreg\u00f3 un reconocimiento a la Mag. Ricourt en nombre de Vega Real por su ejemplar trayectoria en la administraci\u00f3n de justicia, caracterizada por integridad, imparcialidad y compromiso con la \u00e9tica, la verdad y el derecho de las personas. El evento fue bendecido por el P\u00e1rroco C\u00e9sar Miguel Peralta y reuni\u00f3 a autoridades judiciales de La Vega y del pa\u00eds, directivos y ejecutivos de Vega Real, personalidades del \u00e1mbito legal y empresarial de la regi\u00f3n, periodistas, familiares de la Magistrada, amigos y empresarios.<\/p>\n","protected":false},"excerpt":{"rendered":"<p>La Vega, Rep\u00fablica Dominicana.\u00a0En un acto solemne, Yanio Concepci\u00f3n\u00a0destac\u00f3 como la trayectoria de la Mag.&hellip;<\/p>\n","protected":false},"author":2,"featured_media":78040,"comment_status":"closed","ping_status":"closed","sticky":false,"template":"","format":"standard","meta":{"footnotes":""},"categories":[63],"tags":[],"class_list":["post-78043","post","type-post","status-publish","format-standard","has-post-thumbnail","hentry","category-cultura"],"_links":{"self":[{"href":"https:\/\/eldiarioantillano.com\/uno\/wp-json\/wp\/v2\/posts\/78043","targetHints":{"allow":["GET"]}}],"collection":[{"href":"https:\/\/eldiarioantillano.com\/uno\/wp-json\/wp\/v2\/posts"}],"about":[{"href":"https:\/\/eldiarioantillano.com\/uno\/wp-json\/wp\/v2\/types\/post"}],"author":[{"embeddable":true,"href":"https:\/\/eldiarioantillano.com\/uno\/wp-json\/wp\/v2\/users\/2"}],"replies":[{"embeddable":true,"href":"https:\/\/eldiarioantillano.com\/uno\/wp-json\/wp\/v2\/comments?post=78043"}],"version-history":[{"count":1,"href":"https:\/\/eldiarioantillano.com\/uno\/wp-json\/wp\/v2\/posts\/78043\/revisions"}],"predecessor-version":[{"id":78044,"href":"https:\/\/eldiarioantillano.com\/uno\/wp-json\/wp\/v2\/posts\/78043\/revisions\/78044"}],"wp:featuredmedia":[{"embeddable":true,"href":"https:\/\/eldiarioantillano.com\/uno\/wp-json\/wp\/v2\/media\/78040"}],"wp:attachment":[{"href":"https:\/\/eldiarioantillano.com\/uno\/wp-json\/wp\/v2\/media?parent=78043"}],"wp:term":[{"taxonomy":"category","embeddable":true,"href":"https:\/\/eldiarioantillano.com\/uno\/wp-json\/wp\/v2\/categories?post=78043"},{"taxonomy":"post_tag","embeddable":true,"href":"https:\/\/eldiarioantillano.com\/uno\/wp-json\/wp\/v2\/tags?post=78043"}],"curies":[{"name":"wp","href":"https:\/\/api.w.org\/{rel}","templated":true}]}}