{"id":77978,"date":"2026-02-13T00:00:12","date_gmt":"2026-02-13T04:00:12","guid":{"rendered":"https:\/\/eldiarioantillano.com\/uno\/?p=77978"},"modified":"2026-02-12T23:00:03","modified_gmt":"2026-02-13T03:00:03","slug":"padre-luis-barrios-llama-a-dejar-a-los-cubanos-vivir-en-paz","status":"publish","type":"post","link":"https:\/\/eldiarioantillano.com\/uno\/2026\/02\/13\/padre-luis-barrios-llama-a-dejar-a-los-cubanos-vivir-en-paz\/","title":{"rendered":"Padre Luis Barrios llama a dejar a los cubanos vivir en paz"},"content":{"rendered":"<p>El sacerdote y activista en redes hace una reflexi\u00f3n b\u00edblica partiendo del Libro de Isa\u00edas y la relaciona con la situaci\u00f3n actual cubana y encrudecimiento de la pol\u00edtica del bloqueo departe de los Estados Unidos.<\/p>\n","protected":false},"excerpt":{"rendered":"<p>El sacerdote y activista en redes hace una reflexi\u00f3n b\u00edblica partiendo del Libro de Isa\u00edas&hellip;<\/p>\n","protected":false},"author":2,"featured_media":77967,"comment_status":"closed","ping_status":"closed","sticky":false,"template":"","format":"video","meta":{"footnotes":""},"categories":[52],"tags":[],"class_list":["post-77978","post","type-post","status-publish","format-video","has-post-thumbnail","hentry","category-internacionales","post_format-post-format-video"],"_links":{"self":[{"href":"https:\/\/eldiarioantillano.com\/uno\/wp-json\/wp\/v2\/posts\/77978","targetHints":{"allow":["GET"]}}],"collection":[{"href":"https:\/\/eldiarioantillano.com\/uno\/wp-json\/wp\/v2\/posts"}],"about":[{"href":"https:\/\/eldiarioantillano.com\/uno\/wp-json\/wp\/v2\/types\/post"}],"author":[{"embeddable":true,"href":"https:\/\/eldiarioantillano.com\/uno\/wp-json\/wp\/v2\/users\/2"}],"replies":[{"embeddable":true,"href":"https:\/\/eldiarioantillano.com\/uno\/wp-json\/wp\/v2\/comments?post=77978"}],"version-history":[{"count":1,"href":"https:\/\/eldiarioantillano.com\/uno\/wp-json\/wp\/v2\/posts\/77978\/revisions"}],"predecessor-version":[{"id":77979,"href":"https:\/\/eldiarioantillano.com\/uno\/wp-json\/wp\/v2\/posts\/77978\/revisions\/77979"}],"wp:featuredmedia":[{"embeddable":true,"href":"https:\/\/eldiarioantillano.com\/uno\/wp-json\/wp\/v2\/media\/77967"}],"wp:attachment":[{"href":"https:\/\/eldiarioantillano.com\/uno\/wp-json\/wp\/v2\/media?parent=77978"}],"wp:term":[{"taxonomy":"category","embeddable":true,"href":"https:\/\/eldiarioantillano.com\/uno\/wp-json\/wp\/v2\/categories?post=77978"},{"taxonomy":"post_tag","embeddable":true,"href":"https:\/\/eldiarioantillano.com\/uno\/wp-json\/wp\/v2\/tags?post=77978"}],"curies":[{"name":"wp","href":"https:\/\/api.w.org\/{rel}","templated":true}]}}