{"id":77973,"date":"2026-02-13T00:00:24","date_gmt":"2026-02-13T04:00:24","guid":{"rendered":"https:\/\/eldiarioantillano.com\/uno\/?p=77973"},"modified":"2026-02-12T22:54:04","modified_gmt":"2026-02-13T02:54:04","slug":"fuerzas-policiales-reprimen-marchas-contra-la-reforma-laboral","status":"publish","type":"post","link":"https:\/\/eldiarioantillano.com\/uno\/2026\/02\/13\/fuerzas-policiales-reprimen-marchas-contra-la-reforma-laboral\/","title":{"rendered":"Fuerzas policiales reprimen marchas contra la reforma laboral"},"content":{"rendered":"<div class=\"elementor-element elementor-element-5a38e61 e-flex e-con-boxed e-con e-child\" data-id=\"5a38e61\" data-element_type=\"container\">\n<div class=\"e-con-inner\">\n<div class=\"elementor-element elementor-element-d2a4feb elementor-widget elementor-widget-theme-post-excerpt\" data-id=\"d2a4feb\" data-element_type=\"widget\" data-widget_type=\"theme-post-excerpt.default\">\n<div class=\"elementor-widget-container\">Buenos Aires (Prensa Latina) Una multitudinaria marcha contra la reforma laboral que comenz\u00f3 y se desarroll\u00f3 este pasado mi\u00e9rcoles de manera pac\u00edfica, termin\u00f3 en una violenta represi\u00f3n por las fuerzas policiales, volaron balas de goma, piedras, hubo heridos y decenas de detenidos y retenidos.<\/div>\n<\/div>\n<\/div>\n<\/div>\n<div class=\"elementor-element elementor-element-80c8584 elementor-mobile-align-left elementor-widget elementor-widget-post-info\" data-id=\"80c8584\" data-element_type=\"widget\" data-widget_type=\"post-info.default\">\n<div class=\"elementor-widget-container\"><\/div>\n<\/div>\n<div class=\"elementor-element elementor-element-0aea3a0 elementor-widget elementor-widget-theme-post-content\" data-id=\"0aea3a0\" data-element_type=\"widget\" data-widget_type=\"theme-post-content.default\">\n<div class=\"elementor-widget-container\">\n<div class=\"ss-inline-share-wrapper ss-left-inline-content ss-small-icons ss-with-spacing ss-circle-icons ss-without-labels\">\n<div class=\"ss-inline-share-content\">Millares de miembros de cientos de gremios convocados por la Confederaci\u00f3n General del Trabajo (CGT), las dos Centrales de Trabajadores de Argentina (CTA-A y CTA-T) y la Asociaci\u00f3n de Trabajadores del Estado (ATE) marcharon por la Avenida de Mayo hacia la Plaza de los Dos Congresos.<\/div>\n<\/div>\n<p>Al un\u00edsono, acontecieron movilizaciones multitudinarias en m\u00e1s ciudades del pa\u00eds como La Plata, Ushuaia, Rosario, C\u00f3rdoba, entre otras.<\/p>\n<p><img fetchpriority=\"high\" decoding=\"async\" class=\"alignnone size-full wp-image-1706685\" src=\"https:\/\/www.prensa-latina.cu\/wp-content\/uploads\/2026\/02\/Marcha-reforma-laboral-Argentina-21.jpg\" sizes=\"(max-width: 1024px) 100vw, 1024px\" srcset=\"https:\/\/www.prensa-latina.cu\/wp-content\/uploads\/2026\/02\/Marcha-reforma-laboral-Argentina-21.jpg 1024w, https:\/\/www.prensa-latina.cu\/wp-content\/uploads\/2026\/02\/Marcha-reforma-laboral-Argentina-21-500x281.jpg 500w, https:\/\/www.prensa-latina.cu\/wp-content\/uploads\/2026\/02\/Marcha-reforma-laboral-Argentina-21-768x432.jpg 768w\" alt=\"Marcha reforma laboral Argentina 2(1)\" width=\"1024\" height=\"576\" \/><\/p>\n<p>Dentro del recinto del Senado sus miembros al mediod\u00eda iniciaron el debate de la controversial reforma laboral que los gremios sostienen violenta los derechos de los trabajadores. La discusi\u00f3n pudo comenzar solo despu\u00e9s que la Casa Rosada acept\u00f3 hacerle 28 modificaciones al proyecto eliminando muchos de los puntos que m\u00e1s rechazo generaron.<\/p>\n<p>La jefatura de la c\u00e1mara alta bajo la responsabilidad de la vicepresidenta Victoria Villarruel acept\u00f3 tambi\u00e9n que el proyecto fuera votado por cap\u00edtulos, en vez de como un todo, a fin de lograr que fuera votado y obtenga media sanci\u00f3n.<\/p>\n<p>El Ministerio de Seguridad del ejecutivo de Javier Milei despleg\u00f3 un enorme operativo que incluy\u00f3 efectivos de la Polic\u00eda Federal, la Gendarmer\u00eda Nacional, la Polic\u00eda Aeroportuaria y la Polic\u00eda de la Ciudad de Buenos Aires con equipamiento anti mot\u00edn, respaldadas por decenas de veh\u00edculos, camiones con ca\u00f1ones hidrantes y la brigada motorizada.<\/p>\n<p><img decoding=\"async\" class=\"alignnone size-full wp-image-1706686\" src=\"https:\/\/www.prensa-latina.cu\/wp-content\/uploads\/2026\/02\/MARCHA-VS-REFORMA-LABORAL-REPRESION-32.jpg\" sizes=\"(max-width: 1024px) 100vw, 1024px\" srcset=\"https:\/\/www.prensa-latina.cu\/wp-content\/uploads\/2026\/02\/MARCHA-VS-REFORMA-LABORAL-REPRESION-32.jpg 1024w, https:\/\/www.prensa-latina.cu\/wp-content\/uploads\/2026\/02\/MARCHA-VS-REFORMA-LABORAL-REPRESION-32-500x333.jpg 500w, https:\/\/www.prensa-latina.cu\/wp-content\/uploads\/2026\/02\/MARCHA-VS-REFORMA-LABORAL-REPRESION-32-768x511.jpg 768w\" alt=\"\" width=\"1024\" height=\"681\" \/><\/p>\n<p>Millares de manifestantes se concentraron pac\u00edficamente frente a una tarima con c\u00e1nticos, carteles, pancartas, globos donde comenzaron a hablar varios dirigentes sindicales y l\u00edderes de agrupaciones sociales en un acto central.<\/p>\n<p>Un par de horas despu\u00e9s, un peque\u00f1o grupo de alrededor de 40 a 50 individuos encapuchados cerca de las 16:30 horas se abalanzaron contra las vallas que proteg\u00edan al Congreso y atacaron a los efectivos parapetados all\u00ed.<\/p>\n<p>Incluso, esos violentos que algunos estiman son infiltrados para boicotear manifestaciones de esta categor\u00eda y restarle fuerza, fueron filmados preparando cocteles Molotov que despu\u00e9s lanzaron, y rompiendo las losas de la Plaza de los Dos Congreso cerca del edificio legislativo.<\/p>\n<p>Cuando comenzaron los enfrentamientos, dirigentes sindicales llamaron a desconcentrar la manifestaci\u00f3n que se realizaba pac\u00edficamente desde horas de la ma\u00f1ana.<\/p>\n<p><img decoding=\"async\" class=\"alignnone size-full wp-image-1706687\" src=\"https:\/\/www.prensa-latina.cu\/wp-content\/uploads\/2026\/02\/MARCHA-VS-REFORMA-LABORAL-REPRESION-21.jpg\" sizes=\"(max-width: 1024px) 100vw, 1024px\" srcset=\"https:\/\/www.prensa-latina.cu\/wp-content\/uploads\/2026\/02\/MARCHA-VS-REFORMA-LABORAL-REPRESION-21.jpg 1024w, https:\/\/www.prensa-latina.cu\/wp-content\/uploads\/2026\/02\/MARCHA-VS-REFORMA-LABORAL-REPRESION-21-500x333.jpg 500w, https:\/\/www.prensa-latina.cu\/wp-content\/uploads\/2026\/02\/MARCHA-VS-REFORMA-LABORAL-REPRESION-21-768x511.jpg 768w\" alt=\"MARCHA VS REFORMA LABORAL - REPRESI\u00d3N 2(1)\" width=\"1024\" height=\"681\" \/><\/p>\n<p>La acci\u00f3n de los pocos violentos desat\u00f3 una feroz represi\u00f3n por parte de la fuerza policial con disparos de balas de goma, ca\u00f1ones de agua, gases lacrim\u00f3genos, y aunque todav\u00eda no hay datos oficiales se registraron decenas de heridos, detenidos y retenidos, y se informa preliminarmente de seis agentes heridos.<\/p>\n<p>Personas consultadas indicaron que polic\u00edas realizaban redadas en las calles en torno del Congreso de manifestantes cuando se retiraban de la movilizaci\u00f3n.<\/p>\n<p>Periodistas que compart\u00edan informaci\u00f3n e im\u00e1genes a trav\u00e9s de X reportaron que los diputados nacionales Lorena Pokoik y Juan Grabois se personaron en un punto a unas 15 cuadras del palacio legislativo para indagar por j\u00f3venes retenidos en la intersecci\u00f3n de Avenida de Mayo y Lima.<\/p>\n<p>All\u00ed los efectivos golpeaban con sus escudos y tiraban gas pimienta a manifestantes que reclamaban por sus compa\u00f1eros.<\/p>\n<p>ro\/mh<\/p>\n<\/div>\n<\/div>\n","protected":false},"excerpt":{"rendered":"<p>Buenos Aires (Prensa Latina) Una multitudinaria marcha contra la reforma laboral que comenz\u00f3 y se&hellip;<\/p>\n","protected":false},"author":2,"featured_media":77959,"comment_status":"closed","ping_status":"closed","sticky":false,"template":"","format":"standard","meta":{"footnotes":""},"categories":[52,53],"tags":[],"class_list":["post-77973","post","type-post","status-publish","format-standard","has-post-thumbnail","hentry","category-internacionales","category-prensa-latina"],"_links":{"self":[{"href":"https:\/\/eldiarioantillano.com\/uno\/wp-json\/wp\/v2\/posts\/77973","targetHints":{"allow":["GET"]}}],"collection":[{"href":"https:\/\/eldiarioantillano.com\/uno\/wp-json\/wp\/v2\/posts"}],"about":[{"href":"https:\/\/eldiarioantillano.com\/uno\/wp-json\/wp\/v2\/types\/post"}],"author":[{"embeddable":true,"href":"https:\/\/eldiarioantillano.com\/uno\/wp-json\/wp\/v2\/users\/2"}],"replies":[{"embeddable":true,"href":"https:\/\/eldiarioantillano.com\/uno\/wp-json\/wp\/v2\/comments?post=77973"}],"version-history":[{"count":1,"href":"https:\/\/eldiarioantillano.com\/uno\/wp-json\/wp\/v2\/posts\/77973\/revisions"}],"predecessor-version":[{"id":77974,"href":"https:\/\/eldiarioantillano.com\/uno\/wp-json\/wp\/v2\/posts\/77973\/revisions\/77974"}],"wp:featuredmedia":[{"embeddable":true,"href":"https:\/\/eldiarioantillano.com\/uno\/wp-json\/wp\/v2\/media\/77959"}],"wp:attachment":[{"href":"https:\/\/eldiarioantillano.com\/uno\/wp-json\/wp\/v2\/media?parent=77973"}],"wp:term":[{"taxonomy":"category","embeddable":true,"href":"https:\/\/eldiarioantillano.com\/uno\/wp-json\/wp\/v2\/categories?post=77973"},{"taxonomy":"post_tag","embeddable":true,"href":"https:\/\/eldiarioantillano.com\/uno\/wp-json\/wp\/v2\/tags?post=77973"}],"curies":[{"name":"wp","href":"https:\/\/api.w.org\/{rel}","templated":true}]}}