{"id":77957,"date":"2026-02-13T00:00:49","date_gmt":"2026-02-13T04:00:49","guid":{"rendered":"https:\/\/eldiarioantillano.com\/uno\/?p=77957"},"modified":"2026-02-12T22:47:06","modified_gmt":"2026-02-13T02:47:06","slug":"inm-rd-y-centro-cultural-perello-presentan-la-sexta-edicion-de-la-revista-estudios-migratorios","status":"publish","type":"post","link":"https:\/\/eldiarioantillano.com\/uno\/2026\/02\/13\/inm-rd-y-centro-cultural-perello-presentan-la-sexta-edicion-de-la-revista-estudios-migratorios\/","title":{"rendered":"INM RD y Centro Cultural Perell\u00f3 presentan la sexta edici\u00f3n de la revista\u00a0Estudios Migratorios"},"content":{"rendered":"<p><b>Santo Domingo.\u2013<\/b>\u00a0El Instituto Nacional de Migraci\u00f3n de la Rep\u00fablica Dominicana (INM RD), en coordinaci\u00f3n con el Centro Cultural Perell\u00f3, puso en circulaci\u00f3n el sexto n\u00famero de la revista\u00a0<i>Estudios Migratorios<\/i>, publicaci\u00f3n acad\u00e9mica orientada a la producci\u00f3n y difusi\u00f3n de conocimiento cient\u00edfico sobre la movilidad humana desde una perspectiva plural, rigurosa e interdisciplinaria.<\/p>\n<p>Las palabras de bienvenida estuvieron a cargo de Julia Castillo, directora del Centro Cultural Perell\u00f3, quien destac\u00f3 la relevancia de promover espacios de di\u00e1logo entre el arte, la investigaci\u00f3n y las ciencias sociales, as\u00ed como el valor de las alianzas interinstitucionales con organismos como el INM RD. En ese contexto, subray\u00f3 que el respaldo a la revista\u00a0<i>Estudios Migratorios<\/i>\u00a0se inscribe en la misi\u00f3n del centro de contribuir al desarrollo del arte dominicano y de sus protagonistas.<\/p>\n<p>Asimismo, valor\u00f3 la obra del artista Carlos Baret, a quien defini\u00f3 como \u00abartista soci\u00f3logo\u00bb, un creador cuya propuesta visual articula una lectura cr\u00edtica de las realidades sociales, pol\u00edticas, ecol\u00f3gicas y humanas del Caribe y de Am\u00e9rica Latina, en las que aborda fen\u00f3menos como la migraci\u00f3n, el desarraigo y la b\u00fasqueda constante de progreso.<\/p>\n<p>A continuaci\u00f3n, el director ejecutivo del INM RD, doctor Wilfredo Lozano, present\u00f3 el contenido del sexto n\u00famero de la revista y se\u00f1al\u00f3 que esta edici\u00f3n promueve el inter\u00e9s institucional de la generaci\u00f3n de discusiones informadas, democr\u00e1ticas y sustentadas en evidencia sobre la movilidad humana ante los retos de la gesti\u00f3n migratoria. En sus palabras: \u00ab<i>Estudios Migratorios<\/i>\u00a0se consolida como un espacio de reflexi\u00f3n cr\u00edtica que permite comprender la complejidad del fen\u00f3meno migratorio, sus implicaciones sociales, econ\u00f3micas y pol\u00edticas, y los desaf\u00edos que plantea para la gobernanza migratoria en la Rep\u00fablica Dominicana y la regi\u00f3n\u00bb.<\/p>\n<p>Esta entrega incluye art\u00edculos acad\u00e9micos, an\u00e1lisis normativos, entrevistas y rese\u00f1as que abordan temas como la di\u00e1spora dominicana, la gesti\u00f3n institucional de la migraci\u00f3n, los marcos legales migratorios, el mercado laboral y los derechos humanos, adem\u00e1s de reflexiones orientadas a la modernizaci\u00f3n de las pol\u00edticas migratorias.<\/p>\n<p>En la secci\u00f3n de entrevistas, se presenta un di\u00e1logo con el doctor Jos\u00e9 Itzigsohn, profesor de Sociolog\u00eda de la Universidad Brown, en el que se examinan los efectos de las pol\u00edticas migratorias impulsadas durante la administraci\u00f3n del presidente Donald Trump, con especial atenci\u00f3n a sus implicaciones para las minor\u00edas inmigrantes de origen latino en los Estados Unidos. En este intercambio, Itzigsohn advierte que \u00ab[\u2026] estamos en un momento pol\u00edtico de incertidumbre. [\u2026] es probable que contin\u00fae as\u00ed durante los pr\u00f3ximos tres a\u00f1os, que desde ya ser\u00e1n muy duros. [\u2026] no es f\u00e1cil predecir qu\u00e9 va a pasar con la migraci\u00f3n latinoamericana\u00bb.<\/p>\n<p>Como parte de la jornada, el artista pl\u00e1stico Carlos Baret (Kbaret), cuyas obras ilustran esta edici\u00f3n, ofreci\u00f3 a los asistentes un recorrido comentado por su exposici\u00f3n \u00abV\u00ednculos transparentes\u00bb, previo a la inauguraci\u00f3n oficial. El artista comparti\u00f3 una lectura visual de los v\u00ednculos entre migraci\u00f3n, identidad, desarraigo y memoria colectiva, temas que atraviesan tanto su producci\u00f3n art\u00edstica como el enfoque tem\u00e1tico de la revista.<\/p>\n<p>La actividad incluy\u00f3, adem\u00e1s, la presentaci\u00f3n curatorial de la muestra a cargo del cr\u00edtico de arte Amable L\u00f3pez Mel\u00e9ndez, quien valor\u00f3 la coherencia conceptual y simb\u00f3lica de las obras seleccionadas. El curador destac\u00f3 que la propuesta visual de Baret dialoga con problem\u00e1ticas estructurales de Am\u00e9rica Latina y el Caribe, como la migraci\u00f3n irregular, la trata de personas, los legados del colonialismo, la corrupci\u00f3n, la violencia social, las transformaciones culturales y los efectos del deterioro ambiental, desde una po\u00e9tica visual de alto rigor \u00e9tico y est\u00e9tico.<\/p>\n<p>La revista\u00a0<i>Estudios Migratorios<\/i>, de distribuci\u00f3n gratuita, forma parte de los esfuerzos sostenidos del INM RD por fortalecer la producci\u00f3n de conocimiento especializado, promover el debate p\u00fablico informado y aportar insumos t\u00e9cnicos para la formulaci\u00f3n de pol\u00edticas p\u00fablicas en materia migratoria. Su versi\u00f3n digital se encuentra disponible en el portal institucional (<a href=\"https:\/\/inm.gob.do\/transparencia\/index.php\/publicaciones-t\" target=\"_blank\" rel=\"noopener\" data-saferedirecturl=\"https:\/\/www.google.com\/url?q=https:\/\/inm.gob.do\/transparencia\/index.php\/publicaciones-t&amp;source=gmail&amp;ust=1771036501242000&amp;usg=AOvVaw0CAmp4eb7kPj8ok5ED_Tco\">https:\/\/inm.gob.do\/<wbr \/>transparencia\/index.php\/<wbr \/>publicaciones-t<\/a>) y en la plataforma Issuu (<a href=\"https:\/\/issuu.com\/inmrd\" target=\"_blank\" rel=\"noopener\" data-saferedirecturl=\"https:\/\/www.google.com\/url?q=https:\/\/issuu.com\/inmrd&amp;source=gmail&amp;ust=1771036501242000&amp;usg=AOvVaw3bWmk-rk2XVBM802LZis_8\">https:\/\/issuu.com\/inmrd<\/a>).<\/p>\n","protected":false},"excerpt":{"rendered":"<p>Santo Domingo.\u2013\u00a0El Instituto Nacional de Migraci\u00f3n de la Rep\u00fablica Dominicana (INM RD), en coordinaci\u00f3n con&hellip;<\/p>\n","protected":false},"author":2,"featured_media":77966,"comment_status":"closed","ping_status":"closed","sticky":false,"template":"","format":"gallery","meta":{"footnotes":""},"categories":[63],"tags":[],"class_list":["post-77957","post","type-post","status-publish","format-gallery","has-post-thumbnail","hentry","category-cultura","post_format-post-format-gallery"],"_links":{"self":[{"href":"https:\/\/eldiarioantillano.com\/uno\/wp-json\/wp\/v2\/posts\/77957","targetHints":{"allow":["GET"]}}],"collection":[{"href":"https:\/\/eldiarioantillano.com\/uno\/wp-json\/wp\/v2\/posts"}],"about":[{"href":"https:\/\/eldiarioantillano.com\/uno\/wp-json\/wp\/v2\/types\/post"}],"author":[{"embeddable":true,"href":"https:\/\/eldiarioantillano.com\/uno\/wp-json\/wp\/v2\/users\/2"}],"replies":[{"embeddable":true,"href":"https:\/\/eldiarioantillano.com\/uno\/wp-json\/wp\/v2\/comments?post=77957"}],"version-history":[{"count":1,"href":"https:\/\/eldiarioantillano.com\/uno\/wp-json\/wp\/v2\/posts\/77957\/revisions"}],"predecessor-version":[{"id":77968,"href":"https:\/\/eldiarioantillano.com\/uno\/wp-json\/wp\/v2\/posts\/77957\/revisions\/77968"}],"wp:featuredmedia":[{"embeddable":true,"href":"https:\/\/eldiarioantillano.com\/uno\/wp-json\/wp\/v2\/media\/77966"}],"wp:attachment":[{"href":"https:\/\/eldiarioantillano.com\/uno\/wp-json\/wp\/v2\/media?parent=77957"}],"wp:term":[{"taxonomy":"category","embeddable":true,"href":"https:\/\/eldiarioantillano.com\/uno\/wp-json\/wp\/v2\/categories?post=77957"},{"taxonomy":"post_tag","embeddable":true,"href":"https:\/\/eldiarioantillano.com\/uno\/wp-json\/wp\/v2\/tags?post=77957"}],"curies":[{"name":"wp","href":"https:\/\/api.w.org\/{rel}","templated":true}]}}