{"id":77954,"date":"2026-02-12T00:00:35","date_gmt":"2026-02-12T04:00:35","guid":{"rendered":"https:\/\/eldiarioantillano.com\/uno\/?p=77954"},"modified":"2026-02-12T00:39:56","modified_gmt":"2026-02-12T04:39:56","slug":"galeria-realizan-alimentar-la-pasion-por-la-lectura-en-la-biblioteca-nacional","status":"publish","type":"post","link":"https:\/\/eldiarioantillano.com\/uno\/2026\/02\/12\/galeria-realizan-alimentar-la-pasion-por-la-lectura-en-la-biblioteca-nacional\/","title":{"rendered":"GALER\u00cdA: Realizan \u00abAlimentar la pasi\u00f3n por la lectura&#8230;\u00bb en la Biblioteca Nacional"},"content":{"rendered":"<p>Se realiz\u00f3 este mi\u00e9rcoles la actividad de promoci\u00f3n de la lectura \u00abAlimentar la pasi\u00f3n por la lectura para dejar de ser zombies\u00bb en la Biblioteca Nacional Pedro Henr\u00edquez Ure\u00f1a, contando con la participaci\u00f3n de su director, el escritor Rafael Peralta Romero, y la Red de Bibliotecas P\u00fablicas.<\/p>\n","protected":false},"excerpt":{"rendered":"<p>Se realiz\u00f3 este mi\u00e9rcoles la actividad de promoci\u00f3n de la lectura \u00abAlimentar la pasi\u00f3n por&hellip;<\/p>\n","protected":false},"author":2,"featured_media":77944,"comment_status":"closed","ping_status":"closed","sticky":false,"template":"","format":"gallery","meta":{"footnotes":""},"categories":[63],"tags":[],"class_list":["post-77954","post","type-post","status-publish","format-gallery","has-post-thumbnail","hentry","category-cultura","post_format-post-format-gallery"],"_links":{"self":[{"href":"https:\/\/eldiarioantillano.com\/uno\/wp-json\/wp\/v2\/posts\/77954","targetHints":{"allow":["GET"]}}],"collection":[{"href":"https:\/\/eldiarioantillano.com\/uno\/wp-json\/wp\/v2\/posts"}],"about":[{"href":"https:\/\/eldiarioantillano.com\/uno\/wp-json\/wp\/v2\/types\/post"}],"author":[{"embeddable":true,"href":"https:\/\/eldiarioantillano.com\/uno\/wp-json\/wp\/v2\/users\/2"}],"replies":[{"embeddable":true,"href":"https:\/\/eldiarioantillano.com\/uno\/wp-json\/wp\/v2\/comments?post=77954"}],"version-history":[{"count":1,"href":"https:\/\/eldiarioantillano.com\/uno\/wp-json\/wp\/v2\/posts\/77954\/revisions"}],"predecessor-version":[{"id":77955,"href":"https:\/\/eldiarioantillano.com\/uno\/wp-json\/wp\/v2\/posts\/77954\/revisions\/77955"}],"wp:featuredmedia":[{"embeddable":true,"href":"https:\/\/eldiarioantillano.com\/uno\/wp-json\/wp\/v2\/media\/77944"}],"wp:attachment":[{"href":"https:\/\/eldiarioantillano.com\/uno\/wp-json\/wp\/v2\/media?parent=77954"}],"wp:term":[{"taxonomy":"category","embeddable":true,"href":"https:\/\/eldiarioantillano.com\/uno\/wp-json\/wp\/v2\/categories?post=77954"},{"taxonomy":"post_tag","embeddable":true,"href":"https:\/\/eldiarioantillano.com\/uno\/wp-json\/wp\/v2\/tags?post=77954"}],"curies":[{"name":"wp","href":"https:\/\/api.w.org\/{rel}","templated":true}]}}