{"id":77952,"date":"2026-02-12T00:00:42","date_gmt":"2026-02-12T04:00:42","guid":{"rendered":"https:\/\/eldiarioantillano.com\/uno\/?p=77952"},"modified":"2026-02-11T20:29:23","modified_gmt":"2026-02-12T00:29:23","slug":"narrativa-de-trump-sobre-politicas-migratorias-se-desmorona","status":"publish","type":"post","link":"https:\/\/eldiarioantillano.com\/uno\/2026\/02\/12\/narrativa-de-trump-sobre-politicas-migratorias-se-desmorona\/","title":{"rendered":"Narrativa de Trump sobre pol\u00edticas migratorias se desmorona"},"content":{"rendered":"<div class=\"elementor-element elementor-element-41212fa e-flex e-con-boxed e-con e-parent e-lazyloaded\" data-id=\"41212fa\" data-element_type=\"container\">\n<div class=\"e-con-inner\">\n<div class=\"elementor-element elementor-element-1379ac8 e-con-full e-flex e-con e-child\" data-id=\"1379ac8\" data-element_type=\"container\">\n<div class=\"elementor-element elementor-element-67d10ba elementor-widget elementor-widget-theme-post-title elementor-page-title elementor-widget-heading\" data-id=\"67d10ba\" data-element_type=\"widget\" data-widget_type=\"theme-post-title.default\">\n<div class=\"elementor-widget-container\">\n<p class=\"elementor-heading-title elementor-size-default\"><span style=\"font-family: 'PT Serif', serif; font-size: 14px;\">Washington (Prensa Latina) La narrativa del Gobierno de Donald Trump de que con sus pol\u00edticas migratorias expulsar\u00edan de Estados Unidos a lo \u201cpeor de lo peor\u201d se desmorona hoy ante recientes cifras oficiales.<\/span><\/p>\n<\/div>\n<\/div>\n<\/div>\n<\/div>\n<\/div>\n<div class=\"elementor-element elementor-element-6276117 e-flex e-con-boxed e-con e-parent e-lazyloaded\" data-id=\"6276117\" data-element_type=\"container\">\n<div class=\"e-con-inner\">\n<div class=\"elementor-element elementor-element-ee759ba e-con-full e-flex e-con e-child\" data-id=\"ee759ba\" data-element_type=\"container\">\n<div class=\"elementor-element elementor-element-f5ec5bf e-flex e-con-boxed e-con e-child\" data-id=\"f5ec5bf\" data-element_type=\"container\">\n<p class=\"e-con-inner\">Menos del 14 por ciento de los casi 400 mil inmigrantes puestos bajo custodia del Servicio de Inmigraci\u00f3n y Control de Aduanas (ICE) durante el primer a\u00f1o de regreso del presidente Trump a la Casa Blanca ten\u00edan cargos o condenas por delitos violentos, indic\u00f3 un documento del Departamento de Seguridad Nacional (DHS).<\/p>\n<\/div>\n<div class=\"elementor-element elementor-element-0aea3a0 elementor-widget elementor-widget-theme-post-content\" data-id=\"0aea3a0\" data-element_type=\"widget\" data-widget_type=\"theme-post-content.default\">\n<div class=\"elementor-widget-container\">\n<p>Alrededor del 40 por ciento de los arrestos del ICE en el periodo en cuesti\u00f3n involucraron a personas sin antecedentes penales. Las cifras representan el porcentaje del total de 392 mil 619 arrestos realizados entre el 21 de enero de 2025 y el 31 de enero de 2026.<\/p>\n<p>Entretanto, casi el 60 por ciento de las detenciones en igual etapa ten\u00edan cargos o condenas penales, subray\u00f3 el documento, pero entre esa poblaci\u00f3n, la mayor\u00eda de los cargos o condenas penales no eran por delitos violentos.<\/p>\n<p>Trump y sus asesores suelen hablar de que los funcionarios de inmigraci\u00f3n se centran en asesinos, violadores y pandilleros; sin embargo, los datos internos indican que menos del dos por ciento de los arrestados por el ICE durante el periodo en cuesti\u00f3n ten\u00edan cargos o condenas por homicidio o agresi\u00f3n sexual.<\/p>\n<p>Si bien el programa de deportaci\u00f3n de Trump cont\u00f3 con un fuerte respaldo durante la campa\u00f1a presidencial de 2024 e incluso fue un tema que le sirvi\u00f3 para retornar a la mansi\u00f3n ejecutiva, la oposici\u00f3n p\u00fablica a sus medidas represivas ha crecido significativamente.<\/p>\n<p>Las protestas por las t\u00e1cticas aplicadas por los agentes de inmigraci\u00f3n en las comunidades del pa\u00eds, en especial de ciudades como Minneapolis, han generado preocupaci\u00f3n y enojo generalizado.<\/p>\n<p>El mes pasado una encuesta de CBS News revel\u00f3 que el apoyo de la ciudadan\u00eda a los esfuerzos de deportaci\u00f3n de Trump se desplom\u00f3 del 59 por ciento al comienzo de su segundo mandato a 46 por ciento.<\/p>\n<p>Poco m\u00e1s del 60 por ciento de los entrevistados afirm\u00f3 que los agentes de inmigraci\u00f3n eran \u00abdemasiado duros\u00bb.<\/p>\n<p>Trump admiti\u00f3 que sus pol\u00edticas migratorias requieren un enfoque m\u00e1s suave, pero siguen los reportes de la represi\u00f3n de los agentes federales de inmigraci\u00f3n.<\/p>\n<p>Un video que circula en medios locales muestra a agentes federales cuando arrojan a una mujer violentamente contra el suelo y luego roc\u00edan gas pimienta. La v\u00edctima fue se\u00f1alada como una defensora de los inmigrantes y protestaba frente a un edificio gubernamental en California.<\/p>\n<p>mem\/dfm<\/p>\n<\/div>\n<\/div>\n<\/div>\n<\/div>\n<\/div>\n","protected":false},"excerpt":{"rendered":"<p>Washington (Prensa Latina) La narrativa del Gobierno de Donald Trump de que con sus pol\u00edticas&hellip;<\/p>\n","protected":false},"author":2,"featured_media":68540,"comment_status":"closed","ping_status":"closed","sticky":false,"template":"","format":"standard","meta":{"footnotes":""},"categories":[52,53],"tags":[],"class_list":["post-77952","post","type-post","status-publish","format-standard","has-post-thumbnail","hentry","category-internacionales","category-prensa-latina"],"_links":{"self":[{"href":"https:\/\/eldiarioantillano.com\/uno\/wp-json\/wp\/v2\/posts\/77952","targetHints":{"allow":["GET"]}}],"collection":[{"href":"https:\/\/eldiarioantillano.com\/uno\/wp-json\/wp\/v2\/posts"}],"about":[{"href":"https:\/\/eldiarioantillano.com\/uno\/wp-json\/wp\/v2\/types\/post"}],"author":[{"embeddable":true,"href":"https:\/\/eldiarioantillano.com\/uno\/wp-json\/wp\/v2\/users\/2"}],"replies":[{"embeddable":true,"href":"https:\/\/eldiarioantillano.com\/uno\/wp-json\/wp\/v2\/comments?post=77952"}],"version-history":[{"count":1,"href":"https:\/\/eldiarioantillano.com\/uno\/wp-json\/wp\/v2\/posts\/77952\/revisions"}],"predecessor-version":[{"id":77953,"href":"https:\/\/eldiarioantillano.com\/uno\/wp-json\/wp\/v2\/posts\/77952\/revisions\/77953"}],"wp:featuredmedia":[{"embeddable":true,"href":"https:\/\/eldiarioantillano.com\/uno\/wp-json\/wp\/v2\/media\/68540"}],"wp:attachment":[{"href":"https:\/\/eldiarioantillano.com\/uno\/wp-json\/wp\/v2\/media?parent=77952"}],"wp:term":[{"taxonomy":"category","embeddable":true,"href":"https:\/\/eldiarioantillano.com\/uno\/wp-json\/wp\/v2\/categories?post=77952"},{"taxonomy":"post_tag","embeddable":true,"href":"https:\/\/eldiarioantillano.com\/uno\/wp-json\/wp\/v2\/tags?post=77952"}],"curies":[{"name":"wp","href":"https:\/\/api.w.org\/{rel}","templated":true}]}}