{"id":77930,"date":"2026-02-11T00:00:20","date_gmt":"2026-02-11T04:00:20","guid":{"rendered":"https:\/\/eldiarioantillano.com\/uno\/?p=77930"},"modified":"2026-02-10T21:47:50","modified_gmt":"2026-02-11T01:47:50","slug":"china-reitera-firme-apoyo-a-cuba-y-rechazo-a-injerencias","status":"publish","type":"post","link":"https:\/\/eldiarioantillano.com\/uno\/2026\/02\/11\/china-reitera-firme-apoyo-a-cuba-y-rechazo-a-injerencias\/","title":{"rendered":"China reitera firme apoyo a Cuba y rechazo a injerencias"},"content":{"rendered":"<div class=\"elementor-element elementor-element-2f132a28 e-flex e-con-boxed e-con e-parent e-lazyloaded\" data-id=\"2f132a28\" data-element_type=\"container\">\n<div class=\"e-con-inner\">\n<div class=\"elementor-element elementor-element-11839b26 elementor-widget elementor-widget-theme-post-title elementor-page-title elementor-widget-heading\" data-id=\"11839b26\" data-element_type=\"widget\" data-widget_type=\"theme-post-title.default\">\n<div class=\"elementor-widget-container\"><\/div>\n<\/div>\n<\/div>\n<\/div>\n<div class=\"elementor-element elementor-element-67abbb90 e-flex e-con-boxed e-con e-parent e-lazyloaded\" data-id=\"67abbb90\" data-element_type=\"container\">\n<div class=\"e-con-inner\">\n<div class=\"elementor-element elementor-element-1856c973 e-con-full e-flex e-con e-child\" data-id=\"1856c973\" data-element_type=\"container\">\n<div class=\"elementor-element elementor-element-42732b4c elementor-widget elementor-widget-theme-post-featured-image elementor-widget-image\" data-id=\"42732b4c\" data-element_type=\"widget\" data-widget_type=\"theme-post-featured-image.default\">\n<div class=\"elementor-widget-container\"><\/div>\n<\/div>\n<div class=\"elementor-element elementor-element-4d1244a7 e-flex e-con-boxed e-con e-child\" data-id=\"4d1244a7\" data-element_type=\"container\">\n<div class=\"e-con-inner\">Beijing, 10 feb (Prensa Latina) China reiter\u00f3 hoy su firme respaldo a Cuba frente a interferencias externas y acciones que afecten el derecho a la subsistencia de su pueblo.<\/div>\n<\/div>\n<div class=\"elementor-element elementor-element-1f0c114c elementor-widget elementor-widget-theme-post-content\" data-id=\"1f0c114c\" data-element_type=\"widget\" data-widget_type=\"theme-post-content.default\">\n<div class=\"elementor-widget-container\">\n<p>El portavoz de la Canciller\u00eda, Lin Jian, subray\u00f3 el apoyo de su pa\u00eds a La Habana en la salvaguardia de su soberan\u00eda y seguridad nacionales.<\/p>\n<p>China se opone firmemente a las acciones inhumanas que privan al pueblo cubano de su derecho al desarrollo, expres\u00f3.<\/p>\n<p>Lin Jian recalc\u00f3 que China har\u00e1 todo lo posible, como siempre, para brindar apoyo y asistencia a Cuba.<\/p>\n<p>El canciller chino, Wang Yi, subray\u00f3 la semana pasada el firme apoyo a Cuba y la decisi\u00f3n del gigante asi\u00e1tico de mantenerse junto a la isla en la defensa de la salvaguarda de su soberan\u00eda y seguridad nacionales.<\/p>\n<p>Wang Yi sostuvo un encuentro aqu\u00ed con el canciller Bruno Rodr\u00edguez, enviado especial del Partido Comunista (PCC) y del Gobierno cubano.<\/p>\n<p>\u00abConcedemos gran importancia y nos tomamos muy en serio las leg\u00edtimas aspiraciones de nuestros amigos cubanos. Nos mantenemos unidos a Cuba para seguir consolidando y desarrollando nuestras relaciones de amistad\u00bb, apunt\u00f3.<\/p>\n<p>Wang Yi exalt\u00f3 la tenaz lucha y el valor del pueblo cubano en su desaf\u00edo ante la hegemon\u00eda, as\u00ed como el respeto internacional ganado por la isla.<\/p>\n<p>mem\/idm<\/p>\n<\/div>\n<\/div>\n<\/div>\n<\/div>\n<\/div>\n","protected":false},"excerpt":{"rendered":"<p>Beijing, 10 feb (Prensa Latina) China reiter\u00f3 hoy su firme respaldo a Cuba frente a&hellip;<\/p>\n","protected":false},"author":2,"featured_media":77920,"comment_status":"closed","ping_status":"closed","sticky":false,"template":"","format":"standard","meta":{"footnotes":""},"categories":[52,53],"tags":[],"class_list":["post-77930","post","type-post","status-publish","format-standard","has-post-thumbnail","hentry","category-internacionales","category-prensa-latina"],"_links":{"self":[{"href":"https:\/\/eldiarioantillano.com\/uno\/wp-json\/wp\/v2\/posts\/77930","targetHints":{"allow":["GET"]}}],"collection":[{"href":"https:\/\/eldiarioantillano.com\/uno\/wp-json\/wp\/v2\/posts"}],"about":[{"href":"https:\/\/eldiarioantillano.com\/uno\/wp-json\/wp\/v2\/types\/post"}],"author":[{"embeddable":true,"href":"https:\/\/eldiarioantillano.com\/uno\/wp-json\/wp\/v2\/users\/2"}],"replies":[{"embeddable":true,"href":"https:\/\/eldiarioantillano.com\/uno\/wp-json\/wp\/v2\/comments?post=77930"}],"version-history":[{"count":1,"href":"https:\/\/eldiarioantillano.com\/uno\/wp-json\/wp\/v2\/posts\/77930\/revisions"}],"predecessor-version":[{"id":77931,"href":"https:\/\/eldiarioantillano.com\/uno\/wp-json\/wp\/v2\/posts\/77930\/revisions\/77931"}],"wp:featuredmedia":[{"embeddable":true,"href":"https:\/\/eldiarioantillano.com\/uno\/wp-json\/wp\/v2\/media\/77920"}],"wp:attachment":[{"href":"https:\/\/eldiarioantillano.com\/uno\/wp-json\/wp\/v2\/media?parent=77930"}],"wp:term":[{"taxonomy":"category","embeddable":true,"href":"https:\/\/eldiarioantillano.com\/uno\/wp-json\/wp\/v2\/categories?post=77930"},{"taxonomy":"post_tag","embeddable":true,"href":"https:\/\/eldiarioantillano.com\/uno\/wp-json\/wp\/v2\/tags?post=77930"}],"curies":[{"name":"wp","href":"https:\/\/api.w.org\/{rel}","templated":true}]}}