{"id":77928,"date":"2026-02-11T00:00:39","date_gmt":"2026-02-11T04:00:39","guid":{"rendered":"https:\/\/eldiarioantillano.com\/uno\/?p=77928"},"modified":"2026-02-11T01:07:20","modified_gmt":"2026-02-11T05:07:20","slug":"catalejo-anosognosia-y-justicia","status":"publish","type":"post","link":"https:\/\/eldiarioantillano.com\/uno\/2026\/02\/11\/catalejo-anosognosia-y-justicia\/","title":{"rendered":"CATALEJO: Anosognosia y justicia"},"content":{"rendered":"<header class=\"entry-header-outer\">\n<div class=\"entry-header\"><\/div>\n<\/header>\n<div class=\"entry-content entry clearfix\">\n<p>Por ANULFO MATEO P\u00c9REZ<\/p>\n<p>En el escenario judicial, pocas nociones resultan tan inc\u00f3modas como la anosognosia. Se trata de esa condici\u00f3n en la que el sujeto, aun portando una enfermedad mental o neurol\u00f3gica evidente, es incapaz de reconocerla. No niega: simplemente no sabe. Y ese no saber no es moral ni voluntario, sino patol\u00f3gico.<\/p>\n<p>La justicia, acostumbrada a apoyarse en la palabra, tropieza aqu\u00ed con un l\u00edmite. El enfermo con anosognosia puede hablar con l\u00f3gica, defenderse con vehemencia y afirmar, sin fisuras, que est\u00e1 sano.<\/p>\n<p>Sin embargo, su juicio de realidad se encuentra alterado, y con \u00e9l, la posibilidad de comprender cabalmente la ilicitud de sus actos o las consecuencias de sus decisiones, como ocurre en el caso del actor Bruce Willis.<\/p>\n<p>La anosognosia no es un tecnicismo acad\u00e9mico, sino un dato decisivo. Aparece en psicosis, demencias, lesiones cerebrales y tiene impacto directo sobre imputabilidad penal, capacidad civil y el consentimiento informado.<\/p>\n<p>Ignorar estas condiciones equivale a confundir lucidez verbal con salud mental, y autonom\u00eda formal con autodeterminaci\u00f3n real. El error m\u00e1s frecuente consiste en interpretar la falta de conciencia de enfermedad como negaci\u00f3n, mala fe o simulaci\u00f3n.<\/p>\n<p>Desde esa confusi\u00f3n, el sistema penal termina castigando la enfermedad como si fuera delito, y el civil validando actos jur\u00eddicos viciados desde su origen.<\/p>\n<p>La anosognosia interpela a la justicia en su n\u00facleo \u00e9tico: \u00bfPuede responder plenamente quien no puede reconocerse enfermo? \u00bfEs libre una decisi\u00f3n tomada desde un juicio alterado?<\/p>\n<p>La respuesta requiere mirada cl\u00ednica, prudencia jur\u00eddica y, sobre todo, humanidad. Porque all\u00ed, donde la justicia no distingue entre culpa y patolog\u00eda, deja de ser justa y se convierte, sin saberlo, en otra forma de violencia.<\/p>\n<\/div>\n","protected":false},"excerpt":{"rendered":"<p>Por ANULFO MATEO P\u00c9REZ En el escenario judicial, pocas nociones resultan tan inc\u00f3modas como la&hellip;<\/p>\n","protected":false},"author":2,"featured_media":64779,"comment_status":"closed","ping_status":"closed","sticky":false,"template":"","format":"standard","meta":{"footnotes":""},"categories":[54,51],"tags":[],"class_list":["post-77928","post","type-post","status-publish","format-standard","has-post-thumbnail","hentry","category-anulfo-mateo","category-opinion"],"_links":{"self":[{"href":"https:\/\/eldiarioantillano.com\/uno\/wp-json\/wp\/v2\/posts\/77928","targetHints":{"allow":["GET"]}}],"collection":[{"href":"https:\/\/eldiarioantillano.com\/uno\/wp-json\/wp\/v2\/posts"}],"about":[{"href":"https:\/\/eldiarioantillano.com\/uno\/wp-json\/wp\/v2\/types\/post"}],"author":[{"embeddable":true,"href":"https:\/\/eldiarioantillano.com\/uno\/wp-json\/wp\/v2\/users\/2"}],"replies":[{"embeddable":true,"href":"https:\/\/eldiarioantillano.com\/uno\/wp-json\/wp\/v2\/comments?post=77928"}],"version-history":[{"count":1,"href":"https:\/\/eldiarioantillano.com\/uno\/wp-json\/wp\/v2\/posts\/77928\/revisions"}],"predecessor-version":[{"id":77929,"href":"https:\/\/eldiarioantillano.com\/uno\/wp-json\/wp\/v2\/posts\/77928\/revisions\/77929"}],"wp:featuredmedia":[{"embeddable":true,"href":"https:\/\/eldiarioantillano.com\/uno\/wp-json\/wp\/v2\/media\/64779"}],"wp:attachment":[{"href":"https:\/\/eldiarioantillano.com\/uno\/wp-json\/wp\/v2\/media?parent=77928"}],"wp:term":[{"taxonomy":"category","embeddable":true,"href":"https:\/\/eldiarioantillano.com\/uno\/wp-json\/wp\/v2\/categories?post=77928"},{"taxonomy":"post_tag","embeddable":true,"href":"https:\/\/eldiarioantillano.com\/uno\/wp-json\/wp\/v2\/tags?post=77928"}],"curies":[{"name":"wp","href":"https:\/\/api.w.org\/{rel}","templated":true}]}}