{"id":77901,"date":"2026-02-09T21:37:16","date_gmt":"2026-02-10T01:37:16","guid":{"rendered":"https:\/\/eldiarioantillano.com\/uno\/?p=77901"},"modified":"2026-02-09T21:37:16","modified_gmt":"2026-02-10T01:37:16","slug":"ministro-de-agricultura-se-reune-con-productores-de-castanuelas","status":"publish","type":"post","link":"https:\/\/eldiarioantillano.com\/uno\/2026\/02\/09\/ministro-de-agricultura-se-reune-con-productores-de-castanuelas\/","title":{"rendered":"Ministro de Agricultura se re\u00fane con productores de Casta\u00f1uelas"},"content":{"rendered":"<p><iframe title=\"Participaci\u00f3n del Ministro de Agricultura en su reuni\u00f3n con los productores de Casta\u00f1uelas\" width=\"563\" height=\"1000\" src=\"https:\/\/www.youtube.com\/embed\/NmBsI6q_W0Y?feature=oembed\" frameborder=\"0\" allow=\"accelerometer; autoplay; clipboard-write; encrypted-media; gyroscope; picture-in-picture; web-share\" referrerpolicy=\"strict-origin-when-cross-origin\" allowfullscreen><\/iframe><\/p>\n","protected":false},"excerpt":{"rendered":"","protected":false},"author":2,"featured_media":77898,"comment_status":"closed","ping_status":"closed","sticky":false,"template":"","format":"gallery","meta":{"footnotes":""},"categories":[57],"tags":[],"class_list":["post-77901","post","type-post","status-publish","format-gallery","has-post-thumbnail","hentry","category-montecristi","post_format-post-format-gallery"],"_links":{"self":[{"href":"https:\/\/eldiarioantillano.com\/uno\/wp-json\/wp\/v2\/posts\/77901","targetHints":{"allow":["GET"]}}],"collection":[{"href":"https:\/\/eldiarioantillano.com\/uno\/wp-json\/wp\/v2\/posts"}],"about":[{"href":"https:\/\/eldiarioantillano.com\/uno\/wp-json\/wp\/v2\/types\/post"}],"author":[{"embeddable":true,"href":"https:\/\/eldiarioantillano.com\/uno\/wp-json\/wp\/v2\/users\/2"}],"replies":[{"embeddable":true,"href":"https:\/\/eldiarioantillano.com\/uno\/wp-json\/wp\/v2\/comments?post=77901"}],"version-history":[{"count":1,"href":"https:\/\/eldiarioantillano.com\/uno\/wp-json\/wp\/v2\/posts\/77901\/revisions"}],"predecessor-version":[{"id":77902,"href":"https:\/\/eldiarioantillano.com\/uno\/wp-json\/wp\/v2\/posts\/77901\/revisions\/77902"}],"wp:featuredmedia":[{"embeddable":true,"href":"https:\/\/eldiarioantillano.com\/uno\/wp-json\/wp\/v2\/media\/77898"}],"wp:attachment":[{"href":"https:\/\/eldiarioantillano.com\/uno\/wp-json\/wp\/v2\/media?parent=77901"}],"wp:term":[{"taxonomy":"category","embeddable":true,"href":"https:\/\/eldiarioantillano.com\/uno\/wp-json\/wp\/v2\/categories?post=77901"},{"taxonomy":"post_tag","embeddable":true,"href":"https:\/\/eldiarioantillano.com\/uno\/wp-json\/wp\/v2\/tags?post=77901"}],"curies":[{"name":"wp","href":"https:\/\/api.w.org\/{rel}","templated":true}]}}