{"id":77876,"date":"2026-02-09T00:00:05","date_gmt":"2026-02-09T04:00:05","guid":{"rendered":"https:\/\/eldiarioantillano.com\/uno\/?p=77876"},"modified":"2026-02-08T23:38:49","modified_gmt":"2026-02-09T03:38:49","slug":"comercio-exterior-de-bienes-de-rd-con-haiti-eu-otros-5-paises-y-el-resto-del-mundo-enero-noviembre-2023-24-y-25","status":"publish","type":"post","link":"https:\/\/eldiarioantillano.com\/uno\/2026\/02\/09\/comercio-exterior-de-bienes-de-rd-con-haiti-eu-otros-5-paises-y-el-resto-del-mundo-enero-noviembre-2023-24-y-25\/","title":{"rendered":"Comercio exterior de bienes de RD con Hait\u00ed, EU, otros 5 pa\u00edses y el resto del mundo -enero-noviembre 2023, 24 y 25"},"content":{"rendered":"<p>Por <strong>Luis Humberto Vargas<\/strong><br \/>\nInvestigador de la Unidad de Estudios de Hait\u00ed (UEH)<br \/>\nCentro de Estudios Econ\u00f3micos y Sociales Padre Jos\u00e9 Luis Alem\u00e1n SJ<br \/>\nPontificia Universidad Cat\u00f3lica Madre y Maestra -PUCMM-<\/p>\n<p>Conforme a informaciones publicadas por la Direcci\u00f3n General de Aduanas (DGA), el d\u00e9ficit mercantil neto global de bienes de la econom\u00eda dominicana con el resto del mundo sum\u00f3 US$46,102 millones, a resultas de un valor importado (US$82,079 millones) mucho mayor que el exportado (US$35,977 millones) en los primeros 11 meses de los a\u00f1os 2023, 2024 y 2025.<\/p>\n<p>Este saldo neto negativo total correspondi\u00f3 a la diferencia resultante entre el alto monto deficitario del r\u00e9gimen aduanero nacional (-US$56,012 millones) y el bajo valor superavitario de los reg\u00edmenes zonafranquero (+US$9,318 millones) y admisi\u00f3n temporal y almacenes de reexportaci\u00f3n (+US$542 millones).<\/p>\n<p>En ese lapso de 33 meses, desde enero-noviembre de 2023 hasta enero-noviembre de 2025, la naci\u00f3n dominicana registr\u00f3 excedentes -exportaciones superiores a las importaciones- con varias econom\u00edas nacionales, tales como Hait\u00ed (US$2,677 millones), Puerto Rico (US$1,276 millones), India (US$1,221 millones), Suiza (US$1,180 millones) y Pa\u00edses Bajos (US$286 millones); en consecuencia, logr\u00f3 contraer el saldo en rojo global.<\/p>\n<p><img fetchpriority=\"high\" decoding=\"async\" class=\"aligncenter size-full wp-image-77879\" src=\"https:\/\/eldiarioantillano.com\/uno\/wp-content\/uploads\/2026\/02\/Haiti-1.jpg\" alt=\"\" width=\"591\" height=\"308\" srcset=\"https:\/\/eldiarioantillano.com\/uno\/wp-content\/uploads\/2026\/02\/Haiti-1.jpg 591w, https:\/\/eldiarioantillano.com\/uno\/wp-content\/uploads\/2026\/02\/Haiti-1-300x156.jpg 300w, https:\/\/eldiarioantillano.com\/uno\/wp-content\/uploads\/2026\/02\/Haiti-1-585x305.jpg 585w\" sizes=\"(max-width: 591px) 100vw, 591px\" \/> <img decoding=\"async\" class=\"aligncenter size-full wp-image-77878\" src=\"https:\/\/eldiarioantillano.com\/uno\/wp-content\/uploads\/2026\/02\/Haiti-2.jpg\" alt=\"\" width=\"576\" height=\"266\" data-wp-editing=\"1\" srcset=\"https:\/\/eldiarioantillano.com\/uno\/wp-content\/uploads\/2026\/02\/Haiti-2.jpg 576w, https:\/\/eldiarioantillano.com\/uno\/wp-content\/uploads\/2026\/02\/Haiti-2-300x139.jpg 300w\" sizes=\"(max-width: 576px) 100vw, 576px\" \/><\/p>\n<p style=\"padding-left: 80px;\">Nota: signo (+): participaci\u00f3n % en el d\u00e9ficit total y en el del r\u00e9gimen nacional, mientras que el signo (-)<br \/>\nequivale a una aportaci\u00f3n a la reducci\u00f3n % de dichos d\u00e9ficits total y nacional; diferente al caso de los<br \/>\nreg\u00edmenes de zonas francas industriales y admisi\u00f3n temporal, cuyo super\u00e1vit total registrado da lugar<br \/>\na que todo signo (+) sea igual a incidencia en dicho excedente y todo signo (-) a contracci\u00f3n del mismo<br \/>\nFuente: DGA-RD<\/p>\n<p>&nbsp;<\/p>\n<p>&nbsp;<\/p>\n<p>En el caso del comercio dominico-haitiano: en el tiempo tomado como referencia de 33 meses, el alt\u00edsimo valor exportado (US$2,711 millones frente al baj\u00edsimo montante importado (US$34 millones) equivali\u00f3 al coeficiente de 79,74 d\u00f3lares por cada d\u00f3lar importado, un r\u00e9cord mundial de canje mercantil discriminatorio, basado fundamentalmente en la subida de las exportaciones nacionales (US$274 millones o 57,64%), desde US$475 millones en enero-noviembre de 2023 hasta US$749 millones en similar per\u00edodo de 2025; mientras las partidas exportadas rotuladas a las Zonas Francas Industriales (ZFI) dominicanas declararon una bajada (-US$75 millones o -23,79%) hasta US$240 millones desde US$315 millones. Es importante destacar que estas tendencias contradictorias ocurrieron en medio de una m\u00faltiple crisis haitiana, caracterizada por depresi\u00f3n econ\u00f3mica, pauperizaci\u00f3n popular, debacle estatal y multiplicaci\u00f3n de actos violentos a cargo de las pandillas.<\/p>\n<p>En tanto que en el caso mercado dominico-indio: en enero-noviembre de este a\u00f1o 2025, India se coloc\u00f3 entre las principales plazas (US$1,515 millones o 11,6%) y (US$1,069 millones o 10,00%) de las respectivas matrices de cantidad exportada y generaci\u00f3n de excedente de la econom\u00eda dominicana con respecto a las restantes naciones del mundo; gracias sobre todo a la escalada imparable de la cotizaci\u00f3n del oro en los mercados plurinacionales. En tal sentido, las exportaciones nacionales dominicanas, mayoritariamente de dor\u00e9 \u2014mezcla de oro y plata\u2014 acusaron una remonta vertical en el pasado reciente. Por ejemplo, en los 11 primeros meses de 2023, en comparaci\u00f3n con el mismo periodo de 2025, tales exportaciones nacionales se elevaron a US$1,167 millones (380,54%), de US$307 millones a US$1,474 millones, desplazando a Suiza como el m\u00e1s relevante destino de los vol\u00famenes y valores de venta de dor\u00e9 de Rep\u00fablica Dominicana.<\/p>\n<p><img decoding=\"async\" class=\"aligncenter size-full wp-image-77877\" src=\"https:\/\/eldiarioantillano.com\/uno\/wp-content\/uploads\/2026\/02\/Haiti-3.jpg\" alt=\"\" width=\"589\" height=\"266\" srcset=\"https:\/\/eldiarioantillano.com\/uno\/wp-content\/uploads\/2026\/02\/Haiti-3.jpg 589w, https:\/\/eldiarioantillano.com\/uno\/wp-content\/uploads\/2026\/02\/Haiti-3-300x135.jpg 300w, https:\/\/eldiarioantillano.com\/uno\/wp-content\/uploads\/2026\/02\/Haiti-3-585x264.jpg 585w\" sizes=\"(max-width: 589px) 100vw, 589px\" \/><\/p>\n<p><img loading=\"lazy\" decoding=\"async\" class=\"aligncenter size-full wp-image-77882\" src=\"https:\/\/eldiarioantillano.com\/uno\/wp-content\/uploads\/2026\/02\/Haiti-4b.jpg\" alt=\"\" width=\"595\" height=\"366\" srcset=\"https:\/\/eldiarioantillano.com\/uno\/wp-content\/uploads\/2026\/02\/Haiti-4b.jpg 595w, https:\/\/eldiarioantillano.com\/uno\/wp-content\/uploads\/2026\/02\/Haiti-4b-300x185.jpg 300w, https:\/\/eldiarioantillano.com\/uno\/wp-content\/uploads\/2026\/02\/Haiti-4b-585x360.jpg 585w\" sizes=\"(max-width: 595px) 100vw, 595px\" \/><\/p>\n<p>Por otro lado, Estados Unidos de Am\u00e9rica y Rep\u00fablica Popular China lideraron las principales plazas deficitarias en t\u00e9rminos de los siguientes valores absolutos: -US$13,265 millones y -US$13,111 millones y, en efecto, participaciones relativas de 28,77% y 28,44%, iguales en conjunto al 57,21% del saldo en rojo total dominico-mundial (US$46,102 millones).<\/p>\n<p>En tal tenor, hay que resaltar que la potencia imperial china ya desplaz\u00f3 del primer lugar a la imperial estadounidense en la lista dominicana de transacciones comerciales desbalanceadas de mercader\u00edas con signo negativo, a partir del pasado a\u00f1o 2024. Por ejemplo, en los 11 primeros meses del corriente 2025, el mercado dominico-chino de rubros tabul\u00f3 el encumbrado d\u00e9ficit valuado en US$4,196 millones (US$255 millones m\u00e1s que el anotado por Estados Unidos), derivado de alt\u00edsimas importaciones (US$US$4,461 millones) en relaci\u00f3n con las baj\u00edsimas exportaciones (US$265 millones); vale decir, un canje muy desigual de 16,83 d\u00f3lares importados por cada d\u00f3lar exportado.<\/p>\n<p>En este escenario mercantil discriminatorio, no es casual la propagaci\u00f3n cotidiana de denuncias y protestas llevada a cabo realizada por innumerables peque\u00f1os productores, comerciantes detallistas y trabajadores en sentido general contra las importaciones de China, en forma de reiteradas y crecientes violaciones de la legislaci\u00f3n comercial, tributaria y laboral de Rep\u00fablica Dominicana por parte de innumerables negocios chinos, apoyados desgraciadamente por determinadas fracciones de grupos de poder econ\u00f3mico nacionales, fuerzas poderosas de financiaci\u00f3n \u201cempresarial\u201d chinas y corrientes de extrema derecha y seudoizquierdistas locales.<\/p>\n<p>&nbsp;<\/p>\n","protected":false},"excerpt":{"rendered":"<p>Por Luis Humberto Vargas Investigador de la Unidad de Estudios de Hait\u00ed (UEH) Centro de&hellip;<\/p>\n","protected":false},"author":2,"featured_media":77880,"comment_status":"closed","ping_status":"closed","sticky":false,"template":"","format":"standard","meta":{"footnotes":""},"categories":[62,55],"tags":[],"class_list":["post-77876","post","type-post","status-publish","format-standard","has-post-thumbnail","hentry","category-economia","category-nacionales"],"_links":{"self":[{"href":"https:\/\/eldiarioantillano.com\/uno\/wp-json\/wp\/v2\/posts\/77876","targetHints":{"allow":["GET"]}}],"collection":[{"href":"https:\/\/eldiarioantillano.com\/uno\/wp-json\/wp\/v2\/posts"}],"about":[{"href":"https:\/\/eldiarioantillano.com\/uno\/wp-json\/wp\/v2\/types\/post"}],"author":[{"embeddable":true,"href":"https:\/\/eldiarioantillano.com\/uno\/wp-json\/wp\/v2\/users\/2"}],"replies":[{"embeddable":true,"href":"https:\/\/eldiarioantillano.com\/uno\/wp-json\/wp\/v2\/comments?post=77876"}],"version-history":[{"count":2,"href":"https:\/\/eldiarioantillano.com\/uno\/wp-json\/wp\/v2\/posts\/77876\/revisions"}],"predecessor-version":[{"id":77883,"href":"https:\/\/eldiarioantillano.com\/uno\/wp-json\/wp\/v2\/posts\/77876\/revisions\/77883"}],"wp:featuredmedia":[{"embeddable":true,"href":"https:\/\/eldiarioantillano.com\/uno\/wp-json\/wp\/v2\/media\/77880"}],"wp:attachment":[{"href":"https:\/\/eldiarioantillano.com\/uno\/wp-json\/wp\/v2\/media?parent=77876"}],"wp:term":[{"taxonomy":"category","embeddable":true,"href":"https:\/\/eldiarioantillano.com\/uno\/wp-json\/wp\/v2\/categories?post=77876"},{"taxonomy":"post_tag","embeddable":true,"href":"https:\/\/eldiarioantillano.com\/uno\/wp-json\/wp\/v2\/tags?post=77876"}],"curies":[{"name":"wp","href":"https:\/\/api.w.org\/{rel}","templated":true}]}}