{"id":77873,"date":"2026-02-08T00:02:16","date_gmt":"2026-02-08T04:02:16","guid":{"rendered":"https:\/\/eldiarioantillano.com\/uno\/?p=77873"},"modified":"2026-02-08T00:02:16","modified_gmt":"2026-02-08T04:02:16","slug":"galeria-coopnama-celebra-dia-de-la-juventud-con-una-conferencia-sobre-conciencia-y-exito","status":"publish","type":"post","link":"https:\/\/eldiarioantillano.com\/uno\/2026\/02\/08\/galeria-coopnama-celebra-dia-de-la-juventud-con-una-conferencia-sobre-conciencia-y-exito\/","title":{"rendered":"GALER\u00cdA: Coopnama celebra D\u00eda de la Juventud con una conferencia sobre conciencia y \u00e9xito"},"content":{"rendered":"","protected":false},"excerpt":{"rendered":"","protected":false},"author":2,"featured_media":77858,"comment_status":"closed","ping_status":"closed","sticky":false,"template":"","format":"gallery","meta":{"footnotes":""},"categories":[55],"tags":[],"class_list":["post-77873","post","type-post","status-publish","format-gallery","has-post-thumbnail","hentry","category-nacionales","post_format-post-format-gallery"],"_links":{"self":[{"href":"https:\/\/eldiarioantillano.com\/uno\/wp-json\/wp\/v2\/posts\/77873","targetHints":{"allow":["GET"]}}],"collection":[{"href":"https:\/\/eldiarioantillano.com\/uno\/wp-json\/wp\/v2\/posts"}],"about":[{"href":"https:\/\/eldiarioantillano.com\/uno\/wp-json\/wp\/v2\/types\/post"}],"author":[{"embeddable":true,"href":"https:\/\/eldiarioantillano.com\/uno\/wp-json\/wp\/v2\/users\/2"}],"replies":[{"embeddable":true,"href":"https:\/\/eldiarioantillano.com\/uno\/wp-json\/wp\/v2\/comments?post=77873"}],"version-history":[{"count":2,"href":"https:\/\/eldiarioantillano.com\/uno\/wp-json\/wp\/v2\/posts\/77873\/revisions"}],"predecessor-version":[{"id":77875,"href":"https:\/\/eldiarioantillano.com\/uno\/wp-json\/wp\/v2\/posts\/77873\/revisions\/77875"}],"wp:featuredmedia":[{"embeddable":true,"href":"https:\/\/eldiarioantillano.com\/uno\/wp-json\/wp\/v2\/media\/77858"}],"wp:attachment":[{"href":"https:\/\/eldiarioantillano.com\/uno\/wp-json\/wp\/v2\/media?parent=77873"}],"wp:term":[{"taxonomy":"category","embeddable":true,"href":"https:\/\/eldiarioantillano.com\/uno\/wp-json\/wp\/v2\/categories?post=77873"},{"taxonomy":"post_tag","embeddable":true,"href":"https:\/\/eldiarioantillano.com\/uno\/wp-json\/wp\/v2\/tags?post=77873"}],"curies":[{"name":"wp","href":"https:\/\/api.w.org\/{rel}","templated":true}]}}