{"id":77868,"date":"2026-02-08T00:00:13","date_gmt":"2026-02-08T04:00:13","guid":{"rendered":"https:\/\/eldiarioantillano.com\/uno\/?p=77868"},"modified":"2026-02-07T23:51:56","modified_gmt":"2026-02-08T03:51:56","slug":"nuevos-sectores-integran-dialogo-haitiano-y-rechazan-gobierno-dual","status":"publish","type":"post","link":"https:\/\/eldiarioantillano.com\/uno\/2026\/02\/08\/nuevos-sectores-integran-dialogo-haitiano-y-rechazan-gobierno-dual\/","title":{"rendered":"Nuevos sectores integran di\u00e1logo haitiano y rechazan \u00abgobierno dual\u00bb"},"content":{"rendered":"<p>Puerto Pr\u00edncipe (Prensa Latina) Nuevos actores de un denominado Di\u00e1logo Pol\u00edtico Inter-haitiano sostenido hoy por instituciones nacionales rechazaron un acuerdo de esa concertaci\u00f3n para la instalaci\u00f3n de un llamado \u201cgobierno dual\u201d en el pa\u00eds.<\/p>\n<p>Las entidades descartaron la creaci\u00f3n de un nuevo ejecutivo integrado por un miembro del Consejo Presidencial de Transici\u00f3n (CPT), otro del Tribunal de Casaci\u00f3n y un tercero de la sociedad civil, junto a un grupo liderado por un primer ministro, a\u00f1adi\u00f3 el peri\u00f3dico Gazzette Haiti.<\/p>\n<p>Los nuevos interlocutores del intercambio sobre un gobierno para relevar este s\u00e1bado 7 al CPT estimaron que, lejos de una salida a la actual crisis nacional de violencia, la propuesta es un intento encubierto de extender la actual administraci\u00f3n bajo otra forma.<\/p>\n<p>La iniciativa resultante de una reuni\u00f3n organizada por los asesores presidenciales Leslie Voltaire, Fritz Alphonse Jean, Louis G\u00e9rald Gilles y Edgard Leblanc Fils tuvo como objetivo, seg\u00fan ellos, desarrollar una f\u00f3rmula consensuada para gobernar el pa\u00eds tras el fin del mandato del CPT.<\/p>\n<p>Un comunicado suscrito ahora por los nuevos opositores, integrados a un llamado partido Comprometidos con el Desarrollo, expresa su \u201cfirme oposici\u00f3n a cualquier iniciativa para mantener, total o parcialmente\u00bb, al actual CPT.<\/p>\n<p>Esa estructura de gobierno ampliamente criticada, ileg\u00edtima e impopular \u2014a\u00f1ade el texto\u2014 comprometi\u00f3 gravemente una transici\u00f3n destinada a aliviar el sufrimiento de la poblaci\u00f3n.<\/p>\n<p>La idea de la nueva alternativa de administraci\u00f3n, calificada de \u201cejecutivo dual\u201d, fue asumida por las partes interesadas durante tres d\u00edas de intensos debates en el Hotel Montana, previos a la expiraci\u00f3n del CPT el 7 de febrero, agreg\u00f3 Gazzette Haiti.<\/p>\n<p>El documento del encuentro indica que el nuevo tipo de ejecutivo mediante los dos centros de poder se caracteriza porque, junto al denominado Colegio Presidencial de tres miembros, el Primer Ministro sea el responsable de dirigir la acci\u00f3n gubernamental, puntualiz\u00f3 Gazzette Haiti.<\/p>\n<p>La resoluci\u00f3n que aprob\u00f3 la reuni\u00f3n, le\u00edda por el exdiputado Clovis Obas, \u00abtiene potencial porque es una soluci\u00f3n haitiana. Pero la gran pregunta es cu\u00e1nto tiempo tomar\u00e1 finalizarla y elegir al pueblo\u00bb, resumi\u00f3 el ex candidato presidencial Jean Palerme Mathurin, citado por Gazzette Haiti.<\/p>\n<p>rc\/apb<\/p>\n<p>&nbsp;<\/p>\n","protected":false},"excerpt":{"rendered":"<p>Puerto Pr\u00edncipe (Prensa Latina) Nuevos actores de un denominado Di\u00e1logo Pol\u00edtico Inter-haitiano sostenido hoy por&hellip;<\/p>\n","protected":false},"author":2,"featured_media":74105,"comment_status":"closed","ping_status":"closed","sticky":false,"template":"","format":"standard","meta":{"footnotes":""},"categories":[52,53],"tags":[],"class_list":["post-77868","post","type-post","status-publish","format-standard","has-post-thumbnail","hentry","category-internacionales","category-prensa-latina"],"_links":{"self":[{"href":"https:\/\/eldiarioantillano.com\/uno\/wp-json\/wp\/v2\/posts\/77868","targetHints":{"allow":["GET"]}}],"collection":[{"href":"https:\/\/eldiarioantillano.com\/uno\/wp-json\/wp\/v2\/posts"}],"about":[{"href":"https:\/\/eldiarioantillano.com\/uno\/wp-json\/wp\/v2\/types\/post"}],"author":[{"embeddable":true,"href":"https:\/\/eldiarioantillano.com\/uno\/wp-json\/wp\/v2\/users\/2"}],"replies":[{"embeddable":true,"href":"https:\/\/eldiarioantillano.com\/uno\/wp-json\/wp\/v2\/comments?post=77868"}],"version-history":[{"count":2,"href":"https:\/\/eldiarioantillano.com\/uno\/wp-json\/wp\/v2\/posts\/77868\/revisions"}],"predecessor-version":[{"id":77870,"href":"https:\/\/eldiarioantillano.com\/uno\/wp-json\/wp\/v2\/posts\/77868\/revisions\/77870"}],"wp:featuredmedia":[{"embeddable":true,"href":"https:\/\/eldiarioantillano.com\/uno\/wp-json\/wp\/v2\/media\/74105"}],"wp:attachment":[{"href":"https:\/\/eldiarioantillano.com\/uno\/wp-json\/wp\/v2\/media?parent=77868"}],"wp:term":[{"taxonomy":"category","embeddable":true,"href":"https:\/\/eldiarioantillano.com\/uno\/wp-json\/wp\/v2\/categories?post=77868"},{"taxonomy":"post_tag","embeddable":true,"href":"https:\/\/eldiarioantillano.com\/uno\/wp-json\/wp\/v2\/tags?post=77868"}],"curies":[{"name":"wp","href":"https:\/\/api.w.org\/{rel}","templated":true}]}}