{"id":77774,"date":"2026-02-04T00:00:47","date_gmt":"2026-02-04T04:00:47","guid":{"rendered":"https:\/\/eldiarioantillano.com\/uno\/?p=77774"},"modified":"2026-02-03T22:45:17","modified_gmt":"2026-02-04T02:45:17","slug":"catalejo-la-linterna-de-diogenes","status":"publish","type":"post","link":"https:\/\/eldiarioantillano.com\/uno\/2026\/02\/04\/catalejo-la-linterna-de-diogenes\/","title":{"rendered":"CATALEJO: La linterna de Di\u00f3genes"},"content":{"rendered":"<header class=\"entry-header-outer\">\n<div class=\"entry-header\">\n<div id=\"single-post-meta\" class=\"post-meta clearfix\">Por ANULFO MATEO P\u00c9REZ<\/div>\n<\/div>\n<\/header>\n<div class=\"entry-content entry clearfix\">\n<p>A lo largo del tiempo, autores como Konrad Lorenz, Raymond Dart, Erich Fromm, hasta las ideas de Sigmund Freud, han intentado explicar el origen de la violencia, desde el instinto biol\u00f3gico hasta pulsiones destructivas profundas. Sin embargo, m\u00e1s all\u00e1 de teor\u00edas, la violencia exige miradas menos abstractas.<\/p>\n<p>En los modelos capitalistas contempor\u00e1neos, la violencia-criminalidad no surge del vac\u00edo; est\u00e1 estrechamente ligada al car\u00e1cter expoliador del Estado, a sus \u00e9lites gobernantes y a las ideolog\u00edas que legitiman el abuso del poder.<\/p>\n<p>All\u00ed donde imperan desigualdades extremas, restricciones a las libertades, exclusiones \u00e9tnicas, pol\u00edticas o de g\u00e9nero, y en una corrupci\u00f3n estructural, la violencia se vuelve cotidiana, compleja y dif\u00edcil de contener.<\/p>\n<p>Las armas de fuego en manos de sectores marginados no son la causa del fen\u00f3meno, sino su resultado; son expresi\u00f3n de la descomposici\u00f3n social y \u00e9tica alimentada por el cierre de las v\u00edas hacia la equidad.<\/p>\n<p>La juventud excluida, sin empleo ni educaci\u00f3n, atrapada entre el narcotr\u00e1fico y la cultura sexista y violenta, tiende a imitar el consumismo ostentoso y el hedonismo de quienes detentan el poder pol\u00edtico y econ\u00f3mico.<\/p>\n<p>Resulta a\u00fan m\u00e1s irritante la corrupci\u00f3n de Estado, al presentar como soluci\u00f3n m\u00e1gica procesos legales que no hacen justicia a los corruptos. La violencia se reduce erradicando las causas que la producen.<\/p>\n<p>Reducir la violencia implica democratizar el Estado, integrar a las mayor\u00edas y combatir el analfabetismo, el desempleo, la insalubridad, el hambre y la miseria impuestas por las \u00e9lites dominantes.<\/p>\n<p>Desde 1844, el pueblo dominicano ha luchado por ese ideal. Quiz\u00e1s a\u00fan falte, como Di\u00f3genes, alzar la linterna a pleno sol para escoger, sin sombras, a quienes deben gobernar.<\/p>\n<\/div>\n","protected":false},"excerpt":{"rendered":"<p>Por ANULFO MATEO P\u00c9REZ A lo largo del tiempo, autores como Konrad Lorenz, Raymond Dart,&hellip;<\/p>\n","protected":false},"author":2,"featured_media":64779,"comment_status":"closed","ping_status":"closed","sticky":false,"template":"","format":"standard","meta":{"footnotes":""},"categories":[54,55,51],"tags":[],"class_list":["post-77774","post","type-post","status-publish","format-standard","has-post-thumbnail","hentry","category-anulfo-mateo","category-nacionales","category-opinion"],"_links":{"self":[{"href":"https:\/\/eldiarioantillano.com\/uno\/wp-json\/wp\/v2\/posts\/77774","targetHints":{"allow":["GET"]}}],"collection":[{"href":"https:\/\/eldiarioantillano.com\/uno\/wp-json\/wp\/v2\/posts"}],"about":[{"href":"https:\/\/eldiarioantillano.com\/uno\/wp-json\/wp\/v2\/types\/post"}],"author":[{"embeddable":true,"href":"https:\/\/eldiarioantillano.com\/uno\/wp-json\/wp\/v2\/users\/2"}],"replies":[{"embeddable":true,"href":"https:\/\/eldiarioantillano.com\/uno\/wp-json\/wp\/v2\/comments?post=77774"}],"version-history":[{"count":1,"href":"https:\/\/eldiarioantillano.com\/uno\/wp-json\/wp\/v2\/posts\/77774\/revisions"}],"predecessor-version":[{"id":77775,"href":"https:\/\/eldiarioantillano.com\/uno\/wp-json\/wp\/v2\/posts\/77774\/revisions\/77775"}],"wp:featuredmedia":[{"embeddable":true,"href":"https:\/\/eldiarioantillano.com\/uno\/wp-json\/wp\/v2\/media\/64779"}],"wp:attachment":[{"href":"https:\/\/eldiarioantillano.com\/uno\/wp-json\/wp\/v2\/media?parent=77774"}],"wp:term":[{"taxonomy":"category","embeddable":true,"href":"https:\/\/eldiarioantillano.com\/uno\/wp-json\/wp\/v2\/categories?post=77774"},{"taxonomy":"post_tag","embeddable":true,"href":"https:\/\/eldiarioantillano.com\/uno\/wp-json\/wp\/v2\/tags?post=77774"}],"curies":[{"name":"wp","href":"https:\/\/api.w.org\/{rel}","templated":true}]}}