{"id":77733,"date":"2026-02-03T00:00:08","date_gmt":"2026-02-03T04:00:08","guid":{"rendered":"https:\/\/eldiarioantillano.com\/uno\/?p=77733"},"modified":"2026-02-02T22:47:09","modified_gmt":"2026-02-03T02:47:09","slug":"pensar-una-provincia-a-treinta-anos","status":"publish","type":"post","link":"https:\/\/eldiarioantillano.com\/uno\/2026\/02\/03\/pensar-una-provincia-a-treinta-anos\/","title":{"rendered":"Pensar una provincia a treinta a\u00f1os"},"content":{"rendered":"<p>Por ROBERTO FURCAL<\/p>\n<p>&nbsp;<\/p>\n<p id=\"m83824-83823-83825\">En contextos pol\u00edticos marcados por la fragmentaci\u00f3n de la acci\u00f3n p\u00fablica, la inmediatez y la presi\u00f3n constante de los ciclos electorales, se convierte en un acto excepcional la planificaci\u00f3n estrat\u00e9gica de largo plazo.<\/p>\n<p id=\"m83829-83828-83830\">Por ello, la formulaci\u00f3n y presentaci\u00f3n del Plan Estrat\u00e9gico de Desarrollo Sostenible de la provincia Peravia 2025\u20132055, impulsado bajo el liderazgo del senador Julito Fulcar, trasciende con creces la l\u00f3gica de un ejercicio t\u00e9cnico o administrativo.<\/p>\n<p id=\"m83834-83833-83835\">Nos encontramos ante una decisi\u00f3n pol\u00edtica de alto valor institucional, cuyas implicaciones merecen una lectura ponderada y rigurosa.<\/p>\n<p id=\"m83839-83838-83840\">Pensar una provincia a treinta a\u00f1os supone asumir una premisa poco frecuente en la pr\u00e1ctica p\u00fablica: el desarrollo no puede reducirse a la gesti\u00f3n del presente, ni a la suma inconexa de obras y programas. Exige visi\u00f3n, m\u00e9todo, deliberaci\u00f3n social y, sobre todo, responsabilidad intergeneracional.<\/p>\n<p id=\"m83844-83843-83845\">El proceso desarrollado en Peravia \u2014diecisiete meses de trabajo sistem\u00e1tico, amplias consultas territoriales y participaci\u00f3n de actores sociales, productivos, comunitarios y de la di\u00e1spora\u2014 configura un ejercicio relevante de planificaci\u00f3n democr\u00e1tica, anclado en la construcci\u00f3n de acuerdos y no en la imposici\u00f3n unilateral de agendas.<\/p>\n<p id=\"m83849-83848-83850\">Este proceso dialoga, adem\u00e1s, con un rasgo profundamente identitario de la provincia: la laboriosidad hist\u00f3rica del pueblo peraviano.<\/p>\n<p id=\"m83854-83853-83855\">Una sociedad trabajadora, resiliente y productiva no puede desarrollarse sostenidamente sin planificaci\u00f3n, sin reglas claras y sin horizonte compartido.<\/p>\n<p id=\"m83859-83858-83860\">El plan no irrumpe en un territorio pasivo, sino en una provincia con vocaci\u00f3n de trabajo, esfuerzo colectivo y voluntad de progreso, que demanda orden, coherencia y oportunidades estructurales.<\/p>\n<p id=\"m83864-83863-83865\">El valor del plan no reside \u00fanicamente en su volumen \u2014223 iniciativas territoriales\u2014, sino en la arquitectura conceptual que las articula. Gobernabilidad, econom\u00eda y marca territorial, ordenamiento del suelo y sostenibilidad ambiental, inclusi\u00f3n social y provisi\u00f3n de servicios p\u00fablicos aparecen integrados en una l\u00f3gica sist\u00e9mica que reconoce la complejidad del desarrollo contempor\u00e1neo. Esta mirada supera el enfoque sectorial tradicional y coloca al territorio como unidad estrat\u00e9gica de an\u00e1lisis y acci\u00f3n.<\/p>\n<p id=\"m83869-83868-83870\">Proyectos estructurantes como la Ciudad Sanitaria de Peravia, el Merca Peravia, el puerto de exportaci\u00f3n El Derrumbao\u2013Salinas o la proyecci\u00f3n de Ban\u00ed como capital mundial del mango, no se presentan como promesas aisladas, sino como nodos de una estrategia que busca articular competitividad econ\u00f3mica, cohesi\u00f3n social e identidad territorial.<\/p>\n<p id=\"m83874-83873-83875\">Esa coherencia interna es la que distingue la planificaci\u00f3n transformadora de los cat\u00e1logos de buenas intenciones.<\/p>\n<p id=\"m83879-83878-83880\">Conviene subrayar, adem\u00e1s, que este plan no es neutro desde el punto de vista de la tradici\u00f3n pol\u00edtica. Al establecer metas de largo plazo, reglas claras y compromisos verificables, se convierte en una presi\u00f3n leg\u00edtima sobre la pr\u00e1ctica pol\u00edtica, en favor de nuevas formas de liderazgo y gesti\u00f3n p\u00fablica.<\/p>\n<p id=\"m83884-83883-83885\">Niega, por dise\u00f1o, el clientelismo, el inmediatismo y la banalizaci\u00f3n de la acci\u00f3n pol\u00edtica, y propende a una cultura de responsabilidad, coherencia y servicio p\u00fablico orientada al bien com\u00fan. En ese sentido, el plan no solo organiza el desarrollo: interpela la pol\u00edtica.<\/p>\n<p id=\"m83889-83888-83890\">Desde esta perspectiva, el liderazgo del senador Julito Fulcar adquiere una significaci\u00f3n particular. Sostener una visi\u00f3n a treinta a\u00f1os implica desplazarse deliberadamente del c\u00e1lculo inmediato y aceptar que buena parte de los frutos no ser\u00e1n capitalizados en el corto plazo.<\/p>\n<p id=\"m83894-83893-83895\">En sociedades donde la pol\u00edtica suele operar bajo la l\u00f3gica del r\u00e9dito instant\u00e1neo, esta actitud introduce una exigencia \u00e9tica: liderar para trascender, no para administrar coyunturas.<\/p>\n<p id=\"m83899-83898-83900\">El respaldo multisectorial e internacional que acompa\u00f1\u00f3 la presentaci\u00f3n del plan refuerza esta lectura. Revela la capacidad de Peravia para articular actores locales con miradas globales, ampliando su margen de acci\u00f3n y fortaleciendo su proyecci\u00f3n estrat\u00e9gica.<\/p>\n<p id=\"m83904-83903-83905\">Asimismo, el apoyo expl\u00edcito del Poder Ejecutivo, expresado en la presencia y la voz de la vicepresidenta Raquel Pe\u00f1a, abre la posibilidad de que este ejercicio trascienda lo local y se convierta en referente para otros territorios del pa\u00eds.<\/p>\n<p id=\"m83909-83908-83910\">En un escenario global marcado por incertidumbres econ\u00f3micas, crisis clim\u00e1tica y transformaciones profundas, planificar ya no es una opci\u00f3n tecnocr\u00e1tica; es una obligaci\u00f3n \u00e9tica y pol\u00edtica.<\/p>\n<p id=\"m83914-83913-83915\">El verbo del senador Julito Fulcar se hace carne: Peravia cambia. Enhorabuena.<\/p>\n","protected":false},"excerpt":{"rendered":"<p>Por ROBERTO FURCAL &nbsp; En contextos pol\u00edticos marcados por la fragmentaci\u00f3n de la acci\u00f3n p\u00fablica,&hellip;<\/p>\n","protected":false},"author":2,"featured_media":76365,"comment_status":"closed","ping_status":"closed","sticky":false,"template":"","format":"standard","meta":{"footnotes":""},"categories":[55,51,174],"tags":[],"class_list":["post-77733","post","type-post","status-publish","format-standard","has-post-thumbnail","hentry","category-nacionales","category-opinion","category-roberto-furcal"],"_links":{"self":[{"href":"https:\/\/eldiarioantillano.com\/uno\/wp-json\/wp\/v2\/posts\/77733","targetHints":{"allow":["GET"]}}],"collection":[{"href":"https:\/\/eldiarioantillano.com\/uno\/wp-json\/wp\/v2\/posts"}],"about":[{"href":"https:\/\/eldiarioantillano.com\/uno\/wp-json\/wp\/v2\/types\/post"}],"author":[{"embeddable":true,"href":"https:\/\/eldiarioantillano.com\/uno\/wp-json\/wp\/v2\/users\/2"}],"replies":[{"embeddable":true,"href":"https:\/\/eldiarioantillano.com\/uno\/wp-json\/wp\/v2\/comments?post=77733"}],"version-history":[{"count":1,"href":"https:\/\/eldiarioantillano.com\/uno\/wp-json\/wp\/v2\/posts\/77733\/revisions"}],"predecessor-version":[{"id":77734,"href":"https:\/\/eldiarioantillano.com\/uno\/wp-json\/wp\/v2\/posts\/77733\/revisions\/77734"}],"wp:featuredmedia":[{"embeddable":true,"href":"https:\/\/eldiarioantillano.com\/uno\/wp-json\/wp\/v2\/media\/76365"}],"wp:attachment":[{"href":"https:\/\/eldiarioantillano.com\/uno\/wp-json\/wp\/v2\/media?parent=77733"}],"wp:term":[{"taxonomy":"category","embeddable":true,"href":"https:\/\/eldiarioantillano.com\/uno\/wp-json\/wp\/v2\/categories?post=77733"},{"taxonomy":"post_tag","embeddable":true,"href":"https:\/\/eldiarioantillano.com\/uno\/wp-json\/wp\/v2\/tags?post=77733"}],"curies":[{"name":"wp","href":"https:\/\/api.w.org\/{rel}","templated":true}]}}