{"id":77605,"date":"2026-01-27T23:59:49","date_gmt":"2026-01-28T03:59:49","guid":{"rendered":"https:\/\/eldiarioantillano.com\/uno\/?p=77605"},"modified":"2026-01-27T23:59:49","modified_gmt":"2026-01-28T03:59:49","slug":"mark-carney-es-el-nuevo-lider-de-la-elite-liberal","status":"publish","type":"post","link":"https:\/\/eldiarioantillano.com\/uno\/2026\/01\/27\/mark-carney-es-el-nuevo-lider-de-la-elite-liberal\/","title":{"rendered":"Mark Carney es el nuevo l\u00edder de la \u00e9lite liberal"},"content":{"rendered":"<p>27 de enero de 2026 (EIRNS) \u2014 A veces, las reacciones ayudan a comprender mejor el significado de una acci\u00f3n, de un suceso. Ese es el caso del discurso que dio el primer ministro de Canad\u00e1 Mark Carney en el Foro Econ\u00f3mico Mundial el 20 de enero. En tiempo real solo rese\u00f1amos su denuncia del fraude llamado \u201corden basado en reglas\u201d, pero en conjunto, el discurso de Carney fue un llamado a la recreaci\u00f3n del imperio brit\u00e1nico con nuevas ropas y en una funci\u00f3n antiestadounidense.<\/p>\n<p>La revista alemana Der Spiegel public\u00f3 un art\u00edculo titulado \u201cEl discurso que el mundo estaba esperando\u201d, en el que se\u00f1ala: \u201cen realidad, \u00e9l [Carney] dice: no se trata de Trump. Cuando \u00e9l se vaya, vendr\u00e1 otro presidente que continuar\u00e1 donde Trump lo dej\u00f3. Lo mismo se aplica a Rusia y China\u201d.Der Spiegel es un ejemplo de toda la panoplia de los medios noticiosos dominantes, que celebran a Carney como el nuevo profeta del liberalismo occidental.Para comprender lo que dijo Carney, o el significado oculto de lo que dijo en Davos, es necesario remontarse a\u00a0<a id=\"m_-6528763526575523931ydp312fb069yiv4505800579OWAcf12cd5f-2ade-a6bf-a542-36187bf78d05\" href=\"https:\/\/www.bankofengland.co.uk\/-\/media\/boe\/files\/speech\/2019\/the-growing-challenges-for-monetary-policy-speech-by-mark-carney.pdf\" target=\"_blank\" rel=\"nofollow noopener\" data-saferedirecturl=\"https:\/\/www.google.com\/url?q=https:\/\/www.bankofengland.co.uk\/-\/media\/boe\/files\/speech\/2019\/the-growing-challenges-for-monetary-policy-speech-by-mark-carney.pdf&amp;source=gmail&amp;ust=1769657275244000&amp;usg=AOvVaw3SUvW4xwObk5Ao0j4C0vry\">su discurso del 23 de agosto de 2019<\/a>\u00a0en Jackson Hole, Wyoming. Al final de un largo discurso ante todos los banqueros centrales (incluida, la Reserva Federal, la anfitriona), Carney propuso una moneda sint\u00e9tica internacional para sustituir al d\u00f3lar:<\/p>\n<blockquote><p>\u201cEs una cuesti\u00f3n abierta si una nueva Moneda Hegem\u00f3nica Sint\u00e9tica (SHC, por sus siglas en ingl\u00e9s) ser\u00eda mejor proporcionada por el sector p\u00fablico, tal vez a trav\u00e9s de una red de monedas digitales de los bancos centrales. Incluso si las variantes iniciales de la idea resultan insuficientes, el concepto es intrigante. Vale la pena considerar c\u00f3mo una SHC en el Sistema Monetario y Financiero Internacional (SMFI) podr\u00eda contribuir a mejorar los resultados globales, dada la magnitud de los retos del actual SMFI y los riesgos que entra\u00f1a la transici\u00f3n a una nueva moneda de reserva hegem\u00f3nica como el renminbi. Una SHC podr\u00eda atenuar la influencia dominante del d\u00f3lar estadounidense en el comercio mundial.\u00a0Si aumentara la proporci\u00f3n del comercio facturado en SHC, las perturbaciones en los Estados Unidos tendr\u00edan repercusiones menos intensas a trav\u00e9s de los tipos de cambio, y el comercio estar\u00eda menos sincronizado entre los distintos pa\u00edses. Del mismo modo, el comercio mundial se volver\u00eda m\u00e1s sensible a los cambios en las condiciones de los pa\u00edses de las otras monedas de la cesta que respalda la SHC. La influencia del d\u00f3lar en las condiciones financieras mundiales podr\u00eda disminuir de manera similar si se desarrollara una arquitectura financiera en torno a la nueva SHC y esta desplazara el dominio del d\u00f3lar en los mercados crediticios.\u00a0Al reducir la influencia de Estados Unidos en el ciclo financiero mundial, esto ayudar\u00eda a reducir la volatilidad de los flujos de capital hacia las econom\u00edas emergentes. El uso generalizado del SHC en el comercio y las finanzas internacionales implicar\u00eda que las monedas que componen su cesta podr\u00edan considerarse gradualmente como activos de reserva fiables, lo que animar\u00eda a las econom\u00edas emergentes a diversificar sus tenencias de activos seguros alej\u00e1ndose del d\u00f3lar. Esto reducir\u00eda la presi\u00f3n a la baja sobre las tasas de inter\u00e9s de equilibrio y ayudar\u00eda a aliviar la trampa de liquidez mundial\u201d.<\/p><\/blockquote>\n<p>Curiosamente, Carney nunca ha abordado el tema tan abiertamente desde entonces, pero cabe suponer que esta es la agenda que se esconde detr\u00e1s de su llamado a \u201cconstruir un nuevo orden que encarne nuestros valores\u201d y \u201ccrear instituciones y acuerdos que funcionen como se ha descrito\u201d, lanzado en Davos. No te quedes con las bonitas palabras de su discurso: lee entre l\u00edneas. Para ayudarte a formarte una opini\u00f3n, recuerda la trayectoria de Carney: su carrera moderna comenz\u00f3 en 2008, como banquero central de Canad\u00e1, cuando comprendi\u00f3 que hab\u00eda que construir un \u201cmuro de dinero\u201d para evitar la insolvencia de los bancos.<\/p>\n<p>Mientras sus colegas se ve\u00edan bloqueados por los temores de inflaci\u00f3n, Carney redujo las tasas del 4,5% al 0,25%, para dar amplia liquidez a los bancos, que pidieron dinero prestado y devolvieron menos (la inflaci\u00f3n superaba el 3%). Luego ampli\u00f3 la gama de activos corporativos adquiridos por el banco central. Aunque gozaban de una alta calificaci\u00f3n, muchos de esos activos acabaron resultando pura basura.<\/p>\n<p>Carney es famoso por haber evitado el rescate bancario en Canad\u00e1 durante la crisis financiera mundial gracias a su rudeza. Esto le vali\u00f3 un ascenso en el sector hasta convertirse en gobernador del Banco de Inglaterra.<\/p>\n<p>Carney, casado con una destacada figura ecologista del Reino Unido, puso en marcha la \u201cRed de Bancos Centrales para la Ecologizaci\u00f3n del Sistema Financiero\u201d, la madre del Pacto Verde. La agenda del Pacto Verde no aparece expl\u00edcitamente\u00a0<a id=\"m_-6528763526575523931ydp312fb069yiv4505800579OWA97cbf264-54fa-1543-12b9-c398091a98ca\" href=\"https:\/\/www.pm.gc.ca\/en\/news\/speeches\/2026\/01\/20\/principled-and-pragmatic-canadas-path-prime-minister-carney-addresses\" target=\"_blank\" rel=\"nofollow noopener\" data-saferedirecturl=\"https:\/\/www.google.com\/url?q=https:\/\/www.pm.gc.ca\/en\/news\/speeches\/2026\/01\/20\/principled-and-pragmatic-canadas-path-prime-minister-carney-addresses&amp;source=gmail&amp;ust=1769657275244000&amp;usg=AOvVaw37IVsEkz6MeTWLtWD_DyO2\">en su discurso de Davos<\/a>, aunque podr\u00eda estar oculta en lo que \u00e9l denomina \u201cinversi\u00f3n en energ\u00eda\u201d. Pero queda eclipsada por la campa\u00f1a de rearme.<\/p>\n<p>\u201cVamos a duplicar nuestro gasto en defensa para 2030 y lo haremos de forma que se fortalezcan nuestras industrias nacionales. Nos estamos diversificando r\u00e1pidamente en el extranjero. Hemos acordado una asociaci\u00f3n estrat\u00e9gica global con la Uni\u00f3n Europea, que incluye la adhesi\u00f3n a SAFE, los acuerdos de adquisici\u00f3n de defensa de Europa&#8230;<\/p>\n<p>\u201cEstamos trabajando con nuestros aliados de la OTAN (incluidos los ocho pa\u00edses n\u00f3rdicos del B\u00e1ltico) para reforzar a\u00fan m\u00e1s los flancos norte y oeste de la alianza, entre otras cosas mediante inversiones sin precedentes de Canad\u00e1 en radares de horizonte lejano, submarinos, aviones y tropas sobre el terreno. Canad\u00e1 se opone firmemente a los aranceles sobre Groenlandia y pide que se celebren conversaciones espec\u00edficas para alcanzar los objetivos comunes de seguridad y prosperidad para el \u00c1rtico\u00bb.<\/p>\n<p>Carney deja claro que Canad\u00e1 ha estado a favor de la guerra contra Rusia en Ucrania: \u201cEn cuanto a Ucrania, somos un miembro fundamental de la Coalici\u00f3n de los Dispuestos y uno de los mayores contribuyentes per c\u00e1pita a su defensa y seguridad\u201d.<\/p>\n<p>Y tom\u00f3 posici\u00f3n en contra de las afirmaciones de Trump sobre Groenlandia; dijo que Canad\u00e1 \u201cse mantendr\u00e1 firme junto a Groenlandia y Dinamarca y apoyar\u00e1 plenamente su derecho \u00fanico a determinar el futuro de Groenlandia\u201d, lo que es como disparar a la Cruz Roja.<\/p>\n<p>Foto: Lea-Kim.<\/p>\n<p>&nbsp;<\/p>\n","protected":false},"excerpt":{"rendered":"<p>27 de enero de 2026 (EIRNS) \u2014 A veces, las reacciones ayudan a comprender mejor&hellip;<\/p>\n","protected":false},"author":2,"featured_media":77606,"comment_status":"closed","ping_status":"closed","sticky":false,"template":"","format":"standard","meta":{"footnotes":""},"categories":[78,52],"tags":[],"class_list":["post-77605","post","type-post","status-publish","format-standard","has-post-thumbnail","hentry","category-eirns","category-internacionales"],"_links":{"self":[{"href":"https:\/\/eldiarioantillano.com\/uno\/wp-json\/wp\/v2\/posts\/77605","targetHints":{"allow":["GET"]}}],"collection":[{"href":"https:\/\/eldiarioantillano.com\/uno\/wp-json\/wp\/v2\/posts"}],"about":[{"href":"https:\/\/eldiarioantillano.com\/uno\/wp-json\/wp\/v2\/types\/post"}],"author":[{"embeddable":true,"href":"https:\/\/eldiarioantillano.com\/uno\/wp-json\/wp\/v2\/users\/2"}],"replies":[{"embeddable":true,"href":"https:\/\/eldiarioantillano.com\/uno\/wp-json\/wp\/v2\/comments?post=77605"}],"version-history":[{"count":1,"href":"https:\/\/eldiarioantillano.com\/uno\/wp-json\/wp\/v2\/posts\/77605\/revisions"}],"predecessor-version":[{"id":77607,"href":"https:\/\/eldiarioantillano.com\/uno\/wp-json\/wp\/v2\/posts\/77605\/revisions\/77607"}],"wp:featuredmedia":[{"embeddable":true,"href":"https:\/\/eldiarioantillano.com\/uno\/wp-json\/wp\/v2\/media\/77606"}],"wp:attachment":[{"href":"https:\/\/eldiarioantillano.com\/uno\/wp-json\/wp\/v2\/media?parent=77605"}],"wp:term":[{"taxonomy":"category","embeddable":true,"href":"https:\/\/eldiarioantillano.com\/uno\/wp-json\/wp\/v2\/categories?post=77605"},{"taxonomy":"post_tag","embeddable":true,"href":"https:\/\/eldiarioantillano.com\/uno\/wp-json\/wp\/v2\/tags?post=77605"}],"curies":[{"name":"wp","href":"https:\/\/api.w.org\/{rel}","templated":true}]}}